{"id":875,"date":"2022-07-20T11:58:50","date_gmt":"2022-07-20T09:58:50","guid":{"rendered":"https:\/\/www.solaal.org\/pays-de-la-loire\/?p=875"},"modified":"2022-07-20T17:05:43","modified_gmt":"2022-07-20T15:05:43","slug":"salon-international-de-lagriculture-2021","status":"publish","type":"post","link":"https:\/\/www.solaal.org\/pays-de-la-loire\/2022\/07\/20\/salon-international-de-lagriculture-2021\/","title":{"rendered":"Salon International de l&rsquo;Agriculture 2021"},"content":{"rendered":"\n<p>SIA, salon incontournable en tant qu&rsquo;acteur du monde agricole, se f\u00fbt l&rsquo;occasion pour nous de voir et revoir nos fid\u00e8les donateurs. Nous avons contribu\u00e9 \u00e0 la cha\u00eene du don agricole organis\u00e9 par SOLAAL national. <\/p>\n\n\n\n<h3 class=\"wp-block-heading\">Retour en images<\/h3>\n\n\n<figure class=\"wp-block-post-featured-image\"><img loading=\"lazy\" decoding=\"async\" width=\"768\" height=\"1024\" src=\"https:\/\/www.solaal.org\/pays-de-la-loire\/wp-content\/uploads\/sites\/26\/2022\/07\/IMG_44281-credit-SOLAAL.jpg\" class=\"attachment-post-thumbnail size-post-thumbnail wp-post-image\" alt=\"\" style=\"object-fit:cover;\" srcset=\"https:\/\/www.solaal.org\/pays-de-la-loire\/wp-content\/uploads\/sites\/26\/2022\/07\/IMG_44281-credit-SOLAAL.jpg 768w, https:\/\/www.solaal.org\/pays-de-la-loire\/wp-content\/uploads\/sites\/26\/2022\/07\/IMG_44281-credit-SOLAAL-225x300.jpg 225w\" sizes=\"auto, (max-width: 768px) 100vw, 768px\" \/><\/figure>\n\n\n<figure class=\"wp-block-gallery has-nested-images columns-default is-cropped wp-block-gallery-1 is-layout-flex wp-block-gallery-is-layout-flex\"><\/figure>\n\n\n\n<section class=\"page-actualites-list\">\n\t\t<div class=\"page-actualites-list-box inner wowo fadeInUp\">\n\t\t\t<div class=\"title\">\n\t\t\t\t<h2>A voir aussi<\/h2>\n\t\t\t<\/div>\n\t\t\t\t\t\t<div class=\"content\">\n\t\t\t\t<div class=\"content-box\">\n\t\t\t\t\t\t\t\t\t\t<div class=\"list\">\n\t\t\t\t\t\t\n\t\t\t\t\t\t<div class=\"img\">\n\t\t\t\t\t\t\t<a href=\"https:\/\/www.solaal.org\/pays-de-la-loire\/2022\/05\/12\/5-ans-de-solaal-pays-de-la-loire\/\" style=\"background-image: url(https:\/\/www.solaal.org\/pays-de-la-loire\/wp-content\/uploads\/sites\/26\/2022\/05\/20220317_145038-300x225.jpg);\"><\/a>\n\t\t\t\t\t\t<\/div>\n\t\t\t\t\t\t<div class=\"text\">\n\t\t\t\t\t\t\t\t\t\t\t\t\t\t<span>Salons<\/span>\n\t\t\t\t\t\t\t\t\t\t\t\t\t\t<h3><a href=\"https:\/\/www.solaal.org\/pays-de-la-loire\/2022\/05\/12\/5-ans-de-solaal-pays-de-la-loire\/\">5 ans de SOLAAL Pays de la Loire<\/a><\/h3>\n\t\t\t\t\t\t\t<p>SOLAAL Pays de la Loire a f\u00eat\u00e9 ses 5 ans lors du SIVAL. L&rsquo;occasion pour nous de r\u00e9unir tous les acteurs de l&rsquo;association pour une premi\u00e8re \u00e9tape importante. Nous avions \u00e0 c\u0153ur de mobiliser tous les membres de nos associations, ainsi que les donateurs et les associations d&rsquo;aide alimentaire. L&rsquo;association SOLAAL Pays de la Loire, [&hellip;]<\/p>\n\t\t\t\t\t\t\t<a href=\"https:\/\/www.solaal.org\/pays-de-la-loire\/2022\/05\/12\/5-ans-de-solaal-pays-de-la-loire\/\" class=\"btn\"><i><\/i>En savoir +<\/a>\n\t\t\t\t\t\t<\/div>\n\t\t\t\t\t<\/div>\n\t\t\t\t\t\t\t\t\t\t<div class=\"list\">\n\t\t\t\t\t\t\n\t\t\t\t\t\t<div class=\"img\">\n\t\t\t\t\t\t\t<a href=\"https:\/\/www.solaal.org\/pays-de-la-loire\/2022\/07\/18\/assemblee-generale-solaal-pays-de-la-loire\/\" style=\"background-image: url(https:\/\/www.solaal.org\/pays-de-la-loire\/wp-content\/uploads\/sites\/26\/2022\/07\/imageactu-AG2.png);\"><\/a>\n\t\t\t\t\t\t<\/div>\n\t\t\t\t\t\t<div class=\"text\">\n\t\t\t\t\t\t\t\t\t\t\t\t\t\t<span>Vie associative<\/span>\n\t\t\t\t\t\t\t\t\t\t\t\t\t\t<h3><a href=\"https:\/\/www.solaal.org\/pays-de-la-loire\/2022\/07\/18\/assemblee-generale-solaal-pays-de-la-loire\/\">Assembl\u00e9e g\u00e9n\u00e9rale SOLAAL Pays de la Loire<\/a><\/h3>\n\t\t\t\t\t\t\t<p>Le mercredi 29 juin dernier nous r\u00e9alisions notre Assembl\u00e9e g\u00e9n\u00e9rale au sein de l&rsquo;entreprise Coteaux Nantais \/ COTOTERRA. Se f\u00fbt l&rsquo;occasion de revenir sur les actions r\u00e9alis\u00e9es en 2021 pour la r\u00e9gion lig\u00e9rienne. Les membres de l&rsquo;association SOLAAL se sont r\u00e9unis pour visiter les vergers des Coteaux Nantais. Ensuite nous avons fait le point sur [&hellip;]<\/p>\n\t\t\t\t\t\t\t<a href=\"https:\/\/www.solaal.org\/pays-de-la-loire\/2022\/07\/18\/assemblee-generale-solaal-pays-de-la-loire\/\" class=\"btn\"><i><\/i>En savoir +<\/a>\n\t\t\t\t\t\t<\/div>\n\t\t\t\t\t<\/div>\n\t\t\t\t\t\t\t\t\t\t<div class=\"list\">\n\t\t\t\t\t\t\n\t\t\t\t\t\t<div class=\"img\">\n\t\t\t\t\t\t\t<a href=\"https:\/\/www.solaal.org\/pays-de-la-loire\/2022\/07\/19\/__trashed\/\" style=\"background-image: url(https:\/\/www.solaal.org\/pays-de-la-loire\/wp-content\/uploads\/sites\/26\/2022\/07\/20220719_170226-300x225.jpg);\"><\/a>\n\t\t\t\t\t\t<\/div>\n\t\t\t\t\t\t<div class=\"text\">\n\t\t\t\t\t\t\t\t\t\t\t\t\t\t<span>Action de solidarit\u00e9<\/span>\n\t\t\t\t\t\t\t\t\t\t\t\t\t\t<h3><a href=\"https:\/\/www.solaal.org\/pays-de-la-loire\/2022\/07\/19\/__trashed\/\">Op\u00e9ration de solidarit\u00e9 au SIVAL<\/a><\/h3>\n\t\t\t\t\t\t\t<p>Planning charg\u00e9 pour la participation de SOLAAL Pays de la Loire au SIVAL 2022 : Pr\u00e9sence sur le stand du MIN Angers-Vivy 5 ans de SOLAAL Pays de la Loire Collecte des produits expos\u00e9s Pr\u00e9sence au SIVAL Cette ann\u00e9e, nous avons \u00e9t\u00e9 accueilli par le MIN d&rsquo;Angers-Vivy pour sensibiliser les visiteurs \u00e0 la gestion des [&hellip;]<\/p>\n\t\t\t\t\t\t\t<a href=\"https:\/\/www.solaal.org\/pays-de-la-loire\/2022\/07\/19\/__trashed\/\" class=\"btn\"><i><\/i>En savoir +<\/a>\n\t\t\t\t\t\t<\/div>\n\t\t\t\t\t<\/div>\n\t\t\t\t\t\t\t\t\t\t\n\t\t\t\t<\/div>\n\t\t\t<\/div>\n\t\t\t\t\t<\/div>\n\t<\/section>","protected":false},"excerpt":{"rendered":"<p>SIA, salon incontournable en tant qu&rsquo;acteur du monde agricole, se f\u00fbt l&rsquo;occasion pour nous de voir et revoir nos fid\u00e8les donateurs. Nous avons contribu\u00e9 \u00e0 la cha\u00eene du don agricole organis\u00e9 par SOLAAL national. Retour en images<\/p>\n","protected":false},"author":16,"featured_media":876,"comment_status":"open","ping_status":"open","sticky":false,"template":"","format":"standard","meta":{"_acf_changed":false,"inline_featured_image":false,"footnotes":""},"categories":[6],"tags":[],"class_list":["post-875","post","type-post","status-publish","format-standard","has-post-thumbnail","hentry","category-salons"],"acf":[],"_links":{"self":[{"href":"https:\/\/www.solaal.org\/pays-de-la-loire\/wp-json\/wp\/v2\/posts\/875","targetHints":{"allow":["GET"]}}],"collection":[{"href":"https:\/\/www.solaal.org\/pays-de-la-loire\/wp-json\/wp\/v2\/posts"}],"about":[{"href":"https:\/\/www.solaal.org\/pays-de-la-loire\/wp-json\/wp\/v2\/types\/post"}],"author":[{"embeddable":true,"href":"https:\/\/www.solaal.org\/pays-de-la-loire\/wp-json\/wp\/v2\/users\/16"}],"replies":[{"embeddable":true,"href":"https:\/\/www.solaal.org\/pays-de-la-loire\/wp-json\/wp\/v2\/comments?post=875"}],"version-history":[{"count":3,"href":"https:\/\/www.solaal.org\/pays-de-la-loire\/wp-json\/wp\/v2\/posts\/875\/revisions"}],"predecessor-version":[{"id":879,"href":"https:\/\/www.solaal.org\/pays-de-la-loire\/wp-json\/wp\/v2\/posts\/875\/revisions\/879"}],"wp:featuredmedia":[{"embeddable":true,"href":"https:\/\/www.solaal.org\/pays-de-la-loire\/wp-json\/wp\/v2\/media\/876"}],"wp:attachment":[{"href":"https:\/\/www.solaal.org\/pays-de-la-loire\/wp-json\/wp\/v2\/media?parent=875"}],"wp:term":[{"taxonomy":"category","embeddable":true,"href":"https:\/\/www.solaal.org\/pays-de-la-loire\/wp-json\/wp\/v2\/categories?post=875"},{"taxonomy":"post_tag","embeddable":true,"href":"https:\/\/www.solaal.org\/pays-de-la-loire\/wp-json\/wp\/v2\/tags?post=875"}],"curies":[{"name":"wp","href":"https:\/\/api.w.org\/{rel}","templated":true}]}}