{"id":860,"date":"2022-07-20T10:44:16","date_gmt":"2022-07-20T08:44:16","guid":{"rendered":"https:\/\/www.solaal.org\/pays-de-la-loire\/?p=860"},"modified":"2022-07-20T11:03:07","modified_gmt":"2022-07-20T09:03:07","slug":"ag-de-solaal-pays-de-la-loire-2020","status":"publish","type":"post","link":"https:\/\/www.solaal.org\/pays-de-la-loire\/2022\/07\/20\/ag-de-solaal-pays-de-la-loire-2020\/","title":{"rendered":"Assembl\u00e9e g\u00e9n\u00e9rale de SOLAAL Pays de la Loire 2020"},"content":{"rendered":"\n<p>A l&rsquo;occasion de notre Assembl\u00e9e g\u00e9n\u00e9rale 2020, nous avons eu l&rsquo;opportunit\u00e9 de visiter le centre de distribution des Restos du c\u0153ur d&rsquo;Angers. Pour les membres de l&rsquo;association se f\u00fbt l&rsquo;occasion de se rendre compte du fonctionnement d&rsquo;une association d&rsquo;aide alimentaire. <\/p>\n\n\n\n<p>Plusieurs enjeux \u00e0 visiter une association d&rsquo;aide alimentaire : <\/p>\n\n\n\n<ul class=\"wp-block-list\"><li>pr\u00e9senter les probl\u00e9matiques, difficult\u00e9s des associations d&rsquo;aide alimentaire<\/li><li>pr\u00e9senter la logistique n\u00e9cessaire pour le bon fonctionnement de l&rsquo;association <\/li><li>pr\u00e9senter les besoins en denr\u00e9es alimentaires pour atteindre un \u00e9quilibre nutritionnel.<\/li><\/ul>\n\n\n<figure class=\"wp-block-post-featured-image\"><img loading=\"lazy\" decoding=\"async\" width=\"1200\" height=\"900\" src=\"https:\/\/www.solaal.org\/pays-de-la-loire\/wp-content\/uploads\/sites\/26\/2022\/07\/20210909_visite-asso-aide-alimentaire.jpg\" class=\"attachment-post-thumbnail size-post-thumbnail wp-post-image\" alt=\"\" style=\"object-fit:cover;\" srcset=\"https:\/\/www.solaal.org\/pays-de-la-loire\/wp-content\/uploads\/sites\/26\/2022\/07\/20210909_visite-asso-aide-alimentaire.jpg 1200w, https:\/\/www.solaal.org\/pays-de-la-loire\/wp-content\/uploads\/sites\/26\/2022\/07\/20210909_visite-asso-aide-alimentaire-300x225.jpg 300w, https:\/\/www.solaal.org\/pays-de-la-loire\/wp-content\/uploads\/sites\/26\/2022\/07\/20210909_visite-asso-aide-alimentaire-1024x768.jpg 1024w, https:\/\/www.solaal.org\/pays-de-la-loire\/wp-content\/uploads\/sites\/26\/2022\/07\/20210909_visite-asso-aide-alimentaire-768x576.jpg 768w\" sizes=\"auto, (max-width: 1200px) 100vw, 1200px\" \/><\/figure>\n\n\n<h2 class=\"wp-block-heading\">A retenir <\/h2>\n\n\n\n<h3 class=\"wp-block-heading\">Une op\u00e9ration de solidarit\u00e9<\/h3>\n\n\n\n<p>L&rsquo;ann\u00e9e 2020 a \u00e9t\u00e9 marqu\u00e9e par la crise sanitaire o\u00f9 nous avons travaill\u00e9 en partenariat avec la R\u00e9gion afin de r\u00e9aliser une cha\u00eene alimentaire solidaire. En effet la R\u00e9gion a d\u00e9cid\u00e9 d&rsquo;accompagner les 4 t\u00eates de r\u00e9seau de l&rsquo;aide alimentaire* en achetant et livrant des denr\u00e9es alimentaires chaque semaine dans les entrep\u00f4ts d\u00e9partementaux de ces associations. <br>Au total c&rsquo;est un peu plus de <strong>192 tonnes <\/strong>de denr\u00e9es alimentaires (sur 2020) apport\u00e9es aupr\u00e8s des associations d&rsquo;aide alimentaire avec une grand diversit\u00e9 : volailles, \u0153ufs, lait, yaourts, pommes, tomates, concombres, chili con carn\u00e9, salades de thon, ratatouille, p\u00e2tes, farine, l\u00e9gumes secs, huile, chocolats, hu\u00eetres.<\/p>\n\n\n\n<p class=\"has-small-font-size\">*Banque alimentaire, Croix Rouge Fran\u00e7aise, Restos du c\u0153ur et Secours Populaire Fran\u00e7ais<\/p>\n\n\n\n<h3 class=\"wp-block-heading\">Un volume de dons in\u00e9dits <\/h3>\n\n\n\n<p>L&rsquo;ann\u00e9e 2020 marqu\u00e9e par ses diff\u00e9rents confinements a d\u00e9sorganis\u00e9 les fili\u00e8res alimentaires notamment li\u00e9 \u00e0 la fermeture des restaurants dans la restauration hors domicile. Cependant la production \u00e9tant d\u00e9j\u00e0 lanc\u00e9e il n&rsquo;\u00e9tait pas possible de faire machine arri\u00e8re. Certains produits, certaines fili\u00e8res qui \u00e9taient en lien direct avec la restauration hors domicile ont ainsi r\u00e9alis\u00e9 des dons assez cons\u00e9quents. <br>Nous avons eu par exemple 114 tonnes d&rsquo;\u00e9chalions de la part d&rsquo;une coop\u00e9rative qui travaillait \u00e0 95% avec la restauration hors domicile. <br>Au total nous avons g\u00e9r\u00e9 <strong>297 tonnes de dons<\/strong> sur l&rsquo;ann\u00e9e 2020, ce qui repr\u00e9sente l&rsquo;\u00e9quivalent d&rsquo;environ <strong>594 000 repas distribu\u00e9s. <\/strong><\/p>\n\n\n\n<div class=\"wp-block-buttons is-layout-flex wp-block-buttons-is-layout-flex\">\n<div class=\"wp-block-button\"><a class=\"wp-block-button__link\" href=\"https:\/\/www.solaal.org\/pays-de-la-loire\/wp-content\/uploads\/sites\/26\/2022\/07\/Rapport-dactivite-2020-SOLAAL-Pays-de-la-Loire.pdf\">T\u00e9l\u00e9charger le rapport d&rsquo;activit\u00e9 2020<\/a><\/div>\n<\/div>\n","protected":false},"excerpt":{"rendered":"<p>A l&rsquo;occasion de notre Assembl\u00e9e g\u00e9n\u00e9rale 2020, nous avons eu l&rsquo;opportunit\u00e9 de visiter le centre de distribution des Restos du c\u0153ur d&rsquo;Angers. Pour les membres de l&rsquo;association se f\u00fbt l&rsquo;occasion de se rendre compte du fonctionnement d&rsquo;une association d&rsquo;aide alimentaire. Plusieurs enjeux \u00e0 visiter une association d&rsquo;aide alimentaire : pr\u00e9senter les probl\u00e9matiques, difficult\u00e9s des associations [&hellip;]<\/p>\n","protected":false},"author":16,"featured_media":861,"comment_status":"open","ping_status":"open","sticky":false,"template":"","format":"standard","meta":{"_acf_changed":false,"inline_featured_image":false,"footnotes":""},"categories":[4],"tags":[],"class_list":["post-860","post","type-post","status-publish","format-standard","has-post-thumbnail","hentry","category-vie-associative"],"acf":[],"_links":{"self":[{"href":"https:\/\/www.solaal.org\/pays-de-la-loire\/wp-json\/wp\/v2\/posts\/860","targetHints":{"allow":["GET"]}}],"collection":[{"href":"https:\/\/www.solaal.org\/pays-de-la-loire\/wp-json\/wp\/v2\/posts"}],"about":[{"href":"https:\/\/www.solaal.org\/pays-de-la-loire\/wp-json\/wp\/v2\/types\/post"}],"author":[{"embeddable":true,"href":"https:\/\/www.solaal.org\/pays-de-la-loire\/wp-json\/wp\/v2\/users\/16"}],"replies":[{"embeddable":true,"href":"https:\/\/www.solaal.org\/pays-de-la-loire\/wp-json\/wp\/v2\/comments?post=860"}],"version-history":[{"count":5,"href":"https:\/\/www.solaal.org\/pays-de-la-loire\/wp-json\/wp\/v2\/posts\/860\/revisions"}],"predecessor-version":[{"id":869,"href":"https:\/\/www.solaal.org\/pays-de-la-loire\/wp-json\/wp\/v2\/posts\/860\/revisions\/869"}],"wp:featuredmedia":[{"embeddable":true,"href":"https:\/\/www.solaal.org\/pays-de-la-loire\/wp-json\/wp\/v2\/media\/861"}],"wp:attachment":[{"href":"https:\/\/www.solaal.org\/pays-de-la-loire\/wp-json\/wp\/v2\/media?parent=860"}],"wp:term":[{"taxonomy":"category","embeddable":true,"href":"https:\/\/www.solaal.org\/pays-de-la-loire\/wp-json\/wp\/v2\/categories?post=860"},{"taxonomy":"post_tag","embeddable":true,"href":"https:\/\/www.solaal.org\/pays-de-la-loire\/wp-json\/wp\/v2\/tags?post=860"}],"curies":[{"name":"wp","href":"https:\/\/api.w.org\/{rel}","templated":true}]}}