{"id":793,"date":"2022-07-18T17:05:59","date_gmt":"2022-07-18T15:05:59","guid":{"rendered":"https:\/\/www.solaal.org\/pays-de-la-loire\/?p=793"},"modified":"2022-07-18T17:23:07","modified_gmt":"2022-07-18T15:23:07","slug":"assemblee-generale-solaal-pays-de-la-loire","status":"publish","type":"post","link":"https:\/\/www.solaal.org\/pays-de-la-loire\/2022\/07\/18\/assemblee-generale-solaal-pays-de-la-loire\/","title":{"rendered":"Assembl\u00e9e g\u00e9n\u00e9rale SOLAAL Pays de la Loire"},"content":{"rendered":"\n<p>Le mercredi 29 juin dernier nous r\u00e9alisions notre Assembl\u00e9e g\u00e9n\u00e9rale au sein de l&rsquo;entreprise Coteaux Nantais \/ COTOTERRA. Se f\u00fbt l&rsquo;occasion de revenir sur les actions r\u00e9alis\u00e9es en 2021 pour la r\u00e9gion lig\u00e9rienne. <\/p>\n\n\n\n<p>Les membres de l&rsquo;association SOLAAL se sont r\u00e9unis pour visiter les vergers des Coteaux Nantais. Ensuite nous avons fait le point sur le rapport d&rsquo;activit\u00e9 de l&rsquo;ann\u00e9e 2021.<\/p>\n\n\n\n<ul class=\"wp-block-list\"><li><strong>123<\/strong> <strong>tonnes<\/strong> de dons alimentaires r\u00e9alis\u00e9s par des entreprises agricoles&nbsp; et agroalimentaires lig\u00e9riennes<\/li><li>soit l&rsquo;\u00e9quivalent de <strong>246 000 repas distribu\u00e9s<\/strong> <\/li><li><strong>207<\/strong> <strong>dons<\/strong> ont \u00e9t\u00e9 g\u00e9r\u00e9s par SOLAAL \u00e0 l\u2019\u00e9chelle des Pays de la Loire sur l\u2019ann\u00e9e 2021 (soit 6 fois plus par rapport \u00e0 2020)<\/li><\/ul>\n\n\n\n<p>Pour plus d&rsquo;informations, n&rsquo;h\u00e9sitez pas \u00e0 consulter notre rapport d&rsquo;activit\u00e9 2021.<\/p>\n\n\n\n<section class=\"fiches-par-produits style-two list-one\">\n\t\t<div class=\"fiches-par-produits-box inner wowo fadeInUp\">\n\t\t\n\t\t\t<div class=\"content\">\n\t\t\t\t\t\t\t\t<a href=\"https:\/\/www.solaal.org\/pays-de-la-loire\/wp-content\/uploads\/sites\/26\/2022\/07\/Rapport-dactivite-2021-SOLAAL-Pays-de-la-Loire-version-web.pdf\" class=\"block\" download>\n\t\t\t\t\t<div class=\"img\">\n\t\t\t\t\t\t<img decoding=\"async\" src=\"https:\/\/www.solaal.org\/pays-de-la-loire\/wp-content\/uploads\/sites\/26\/2022\/07\/Rapport-dactivite-2021-SOLAAL-Pays-de-la-Loire.png\" alt=\"\" \/>\n\t\t\t\t\t<\/div>\n\t\t\t\t\t<div class=\"text\">\n\t\t\t\t\t\t<p>\n\t\t\t\t\t\t\t\t\t\t\t\t\t\t<span>Rapport d&rsquo;activit\u00e9s SOLAAL Pays de la Loire 2021<\/span>\n\t\t\t\t\t\t\t\t\t\t\t\t\t<\/p>\n\t\t\t\t\t\t<span class=\"btn\"><i><\/i>Rapport d&rsquo;activit\u00e9 2021 SOLAAL Pays de la Loire version web<\/span>\n\t\t\t\t\t<\/div>\n\t\t\t\t<\/a>\n\t\t\t\t\t\t\t\t\t\t\t<\/div>\n\t\t<\/div>\n\t<\/section>\n\n\n<section class=\"four-img width-770\">\n\t\t<div class=\"four-img-box inner wowo fadeInUp\">\n\t\t\t<div class=\"content gallery-wrap\">\n\t\t\t\t\t\t\t\t<div class=\"block\">\n\t\t\t\t\t<a href=\"https:\/\/www.solaal.org\/pays-de-la-loire\/wp-content\/uploads\/sites\/26\/2022\/07\/20220629_121919-rotated.jpg\" data-rel=\"lightcase:myCollection\">\n\t\t\t\t\t\t<div class=\"bg-img\" style=\"background-image: url(https:\/\/www.solaal.org\/pays-de-la-loire\/wp-content\/uploads\/sites\/26\/2022\/07\/20220629_121919-rotated.jpg);\"><\/div>\n\t\t\t\t\t<\/a>\n\t\t\t\t\t\t\t\t\t\t<span>Visite du verger de Coteaux Nantais <\/span>\n\t\t\t\t\t\t\t\t\t<\/div>\n\t\t\t\t\t\t\t\t<div class=\"block\">\n\t\t\t\t\t<div class=\"box-box\">\n\t\t\t\t\t\t\t\t\t\t\t\t<div class=\"box\">\n\t\t\t\t\t\t\t<a href=\"https:\/\/www.solaal.org\/pays-de-la-loire\/wp-content\/uploads\/sites\/26\/2022\/07\/20220629_113739-rotated.jpg\" data-rel=\"lightcase:myCollection\">\n\t\t\t\t\t\t\t<div class=\"bg-img\" style=\"background-image: url(https:\/\/www.solaal.org\/pays-de-la-loire\/wp-content\/uploads\/sites\/26\/2022\/07\/20220629_113739-rotated.jpg);\"><\/div>\n\t\t\t\t\t\t\t<\/a>\n\t\t\t\t\t\t\t\t\t\t\t\t\t\t<span>Visite du verger de Coteaux Nantais <\/span>\n\t\t\t\t\t\t\t\t\t\t\t\t\t<\/div>\n\t\t\t\t\t\t\t\t\t\t\t\t<div class=\"box\">\n\t\t\t\t\t\t\t<a href=\"https:\/\/www.solaal.org\/pays-de-la-loire\/wp-content\/uploads\/sites\/26\/2022\/07\/Rapport-dactivite-2021-SOLAAL-Pays-de-la-Loire.png\" data-rel=\"lightcase:myCollection\">\n\t\t\t\t\t\t\t<div class=\"bg-img\" style=\"background-image: url(https:\/\/www.solaal.org\/pays-de-la-loire\/wp-content\/uploads\/sites\/26\/2022\/07\/Rapport-dactivite-2021-SOLAAL-Pays-de-la-Loire.png);\"><\/div>\n\t\t\t\t\t\t\t<\/a>\n\t\t\t\t\t\t\t\t\t\t\t\t\t\t<span>Assembl\u00e9e g\u00e9n\u00e9rale SOLAAL Pays de la Loire<\/span>\n\t\t\t\t\t\t\t\t\t\t\t\t\t<\/div>\n\t\t\t\t\t\t\t\t\t\t\t\t<div class=\"box\">\n\t\t\t\t\t\t\t<a href=\"\" data-rel=\"lightcase:myCollection\">\n\t\t\t\t\t\t\t<div class=\"bg-img\" style=\"background-image: url();\"><\/div>\n\t\t\t\t\t\t\t<\/a>\n\t\t\t\t\t\t\t\t\t\t\t\t\t<\/div>\n\t\t\t\t\t\t\t\t\t\t\t<\/div>\n\t\t\t\t\t\n\t\t\t\t<\/div>\n\t\t\t<\/div>\n\t\t<\/div>\n\t<\/section>\n\n\n<section class=\"home-les-actualites not-h2\">\n\t<div class=\"home-les-actualites-box inner wowo fadeInUp\">\n\t\t<div class=\"title\">\n\t\t\t<h2>Les actualit\u00e9s de SOLAAL Pays de la Loire<\/h2>\n\t\t\t\t\t<\/div>\n\t\t<div class=\"content\" >\n\t\t\t\t\t\t<div class=\"left\">\n\t\t\t\t\t\t\t\t\t\t\n\t\t\t\t\t\t\n\t\t\t\t<div class=\"list\">\n\t\t\t\t\t<div class=\"img\">\n\t\t\t\t\t\t<a href=\"https:\/\/www.solaal.org\/pays-de-la-loire\/2026\/01\/30\/845-000-repas-distribues-aupres-des-personnes-en-situation-de-precarite-en-pays-de-la-loire\/\" style=\"background-image: url(https:\/\/www.solaal.org\/pays-de-la-loire\/wp-content\/uploads\/sites\/26\/2026\/01\/MERCI-300x251.png);\"><\/a>\n\t\t\t\t\t<\/div>\n\t\t\t\t\t<div class=\"text\">\n\t\t\t\t\t\t\t\t\t\t\t\t<span>Vie associative<\/span>\n\t\t\t\t\t\t\t\t\t\t\t\t<h3><a href=\"https:\/\/www.solaal.org\/pays-de-la-loire\/2026\/01\/30\/845-000-repas-distribues-aupres-des-personnes-en-situation-de-precarite-en-pays-de-la-loire\/\">845 000 repas distribu\u00e9s aupr\u00e8s des personnes en situation de pr\u00e9carit\u00e9 en Pays de la Loire<\/a><\/h3>\n\t\t\t\t\t\t<a href=\"https:\/\/www.solaal.org\/pays-de-la-loire\/2026\/01\/30\/845-000-repas-distribues-aupres-des-personnes-en-situation-de-precarite-en-pays-de-la-loire\/\" class=\"btn\"><i><\/i>En savoir +<\/a>\n\t\t\t\t\t<\/div>\n\t\t\t\t<\/div>\n\t\t\t\t\t\n\t\t\t\t<div class=\"list\">\n\t\t\t\t\t<div class=\"img\">\n\t\t\t\t\t\t<a href=\"https:\/\/www.solaal.org\/pays-de-la-loire\/2026\/04\/02\/des-jeunes-se-mobilisent-en-cuisine-pour-les-plus-demunis\/\" style=\"background-image: url(https:\/\/www.solaal.org\/pays-de-la-loire\/wp-content\/uploads\/sites\/26\/2026\/04\/20260331_144609-300x225.jpg);\"><\/a>\n\t\t\t\t\t<\/div>\n\t\t\t\t\t<div class=\"text\">\n\t\t\t\t\t\t\t\t\t\t\t\t<span>Action de solidarit\u00e9<\/span>\n\t\t\t\t\t\t\t\t\t\t\t\t<h3><a href=\"https:\/\/www.solaal.org\/pays-de-la-loire\/2026\/04\/02\/des-jeunes-se-mobilisent-en-cuisine-pour-les-plus-demunis\/\">Des jeunes se mobilisent en cuisine pour les plus d\u00e9munis<\/a><\/h3>\n\t\t\t\t\t\t<a href=\"https:\/\/www.solaal.org\/pays-de-la-loire\/2026\/04\/02\/des-jeunes-se-mobilisent-en-cuisine-pour-les-plus-demunis\/\" class=\"btn\"><i><\/i>En savoir +<\/a>\n\t\t\t\t\t<\/div>\n\t\t\t\t<\/div>\n\t\t\t\t\t\n\t\t\t\t<div class=\"list\">\n\t\t\t\t\t<div class=\"img\">\n\t\t\t\t\t\t<a href=\"https:\/\/www.solaal.org\/pays-de-la-loire\/2026\/03\/27\/accompagnement-strategique-maine-et-loire-nouveau-mecene\/\" style=\"background-image: url(https:\/\/www.solaal.org\/pays-de-la-loire\/wp-content\/uploads\/sites\/26\/2026\/03\/Logo-RVB-Accompagnement-Strategie-Maine-et-Loire-Conseil-Gestion-Expertise-comptable-50-ans-300x97.png);\"><\/a>\n\t\t\t\t\t<\/div>\n\t\t\t\t\t<div class=\"text\">\n\t\t\t\t\t\t\t\t\t\t\t\t<span>ils-nous-soutiennent<\/span>\n\t\t\t\t\t\t\t\t\t\t\t\t<h3><a href=\"https:\/\/www.solaal.org\/pays-de-la-loire\/2026\/03\/27\/accompagnement-strategique-maine-et-loire-nouveau-mecene\/\">Accompagnement Strat\u00e9gique Maine-et-Loire, nouveau m\u00e9c\u00e8ne<\/a><\/h3>\n\t\t\t\t\t\t<a href=\"https:\/\/www.solaal.org\/pays-de-la-loire\/2026\/03\/27\/accompagnement-strategique-maine-et-loire-nouveau-mecene\/\" class=\"btn\"><i><\/i>En savoir +<\/a>\n\t\t\t\t\t<\/div>\n\t\t\t\t<\/div>\n\t\t\t\t\t\n\t\t\t\t<div class=\"list\">\n\t\t\t\t\t<div class=\"img\">\n\t\t\t\t\t\t<a href=\"https:\/\/www.solaal.org\/pays-de-la-loire\/2026\/01\/22\/solidarite-partage\/\" style=\"background-image: url(https:\/\/www.solaal.org\/pays-de-la-loire\/wp-content\/uploads\/sites\/26\/2026\/01\/WhatsApp-Image-2026-01-20-at-12.20.16-300x225.jpeg);\"><\/a>\n\t\t\t\t\t<\/div>\n\t\t\t\t\t<div class=\"text\">\n\t\t\t\t\t\t\t\t\t\t\t\t<span>Action de solidarit\u00e9<\/span>\n\t\t\t\t\t\t\t\t\t\t\t\t<h3><a href=\"https:\/\/www.solaal.org\/pays-de-la-loire\/2026\/01\/22\/solidarite-partage\/\">1 600 repas pour l&rsquo;aide alimentaire<\/a><\/h3>\n\t\t\t\t\t\t<a href=\"https:\/\/www.solaal.org\/pays-de-la-loire\/2026\/01\/22\/solidarite-partage\/\" class=\"btn\"><i><\/i>En savoir +<\/a>\n\t\t\t\t\t<\/div>\n\t\t\t\t<\/div>\n\t\t\t\t\t\t\t<\/div>\n\t\t\t\t\t\t<div class=\"right\">\n\t\t\t\t\n\n\n\n\t\t\t<\/div>\n\t\t<\/div>\n\t<\/div>\n<\/section>","protected":false},"excerpt":{"rendered":"<p>Le mercredi 29 juin dernier nous r\u00e9alisions notre Assembl\u00e9e g\u00e9n\u00e9rale au sein de l&rsquo;entreprise Coteaux Nantais \/ COTOTERRA. Se f\u00fbt l&rsquo;occasion de revenir sur les actions r\u00e9alis\u00e9es en 2021 pour la r\u00e9gion lig\u00e9rienne. Les membres de l&rsquo;association SOLAAL se sont r\u00e9unis pour visiter les vergers des Coteaux Nantais. Ensuite nous avons fait le point sur [&hellip;]<\/p>\n","protected":false},"author":16,"featured_media":763,"comment_status":"open","ping_status":"open","sticky":false,"template":"","format":"standard","meta":{"_acf_changed":false,"inline_featured_image":false,"footnotes":""},"categories":[4],"tags":[],"class_list":["post-793","post","type-post","status-publish","format-standard","has-post-thumbnail","hentry","category-vie-associative"],"acf":[],"_links":{"self":[{"href":"https:\/\/www.solaal.org\/pays-de-la-loire\/wp-json\/wp\/v2\/posts\/793","targetHints":{"allow":["GET"]}}],"collection":[{"href":"https:\/\/www.solaal.org\/pays-de-la-loire\/wp-json\/wp\/v2\/posts"}],"about":[{"href":"https:\/\/www.solaal.org\/pays-de-la-loire\/wp-json\/wp\/v2\/types\/post"}],"author":[{"embeddable":true,"href":"https:\/\/www.solaal.org\/pays-de-la-loire\/wp-json\/wp\/v2\/users\/16"}],"replies":[{"embeddable":true,"href":"https:\/\/www.solaal.org\/pays-de-la-loire\/wp-json\/wp\/v2\/comments?post=793"}],"version-history":[{"count":12,"href":"https:\/\/www.solaal.org\/pays-de-la-loire\/wp-json\/wp\/v2\/posts\/793\/revisions"}],"predecessor-version":[{"id":821,"href":"https:\/\/www.solaal.org\/pays-de-la-loire\/wp-json\/wp\/v2\/posts\/793\/revisions\/821"}],"wp:featuredmedia":[{"embeddable":true,"href":"https:\/\/www.solaal.org\/pays-de-la-loire\/wp-json\/wp\/v2\/media\/763"}],"wp:attachment":[{"href":"https:\/\/www.solaal.org\/pays-de-la-loire\/wp-json\/wp\/v2\/media?parent=793"}],"wp:term":[{"taxonomy":"category","embeddable":true,"href":"https:\/\/www.solaal.org\/pays-de-la-loire\/wp-json\/wp\/v2\/categories?post=793"},{"taxonomy":"post_tag","embeddable":true,"href":"https:\/\/www.solaal.org\/pays-de-la-loire\/wp-json\/wp\/v2\/tags?post=793"}],"curies":[{"name":"wp","href":"https:\/\/api.w.org\/{rel}","templated":true}]}}