{"id":2540,"date":"2025-10-17T15:03:12","date_gmt":"2025-10-17T13:03:12","guid":{"rendered":"https:\/\/www.solaal.org\/pays-de-la-loire\/?p=2540"},"modified":"2025-10-17T15:03:34","modified_gmt":"2025-10-17T13:03:34","slug":"une-premiere-pour-les-jeunes-de-la-mfr-de-verneil-le-chetif","status":"publish","type":"post","link":"https:\/\/www.solaal.org\/pays-de-la-loire\/2025\/10\/17\/une-premiere-pour-les-jeunes-de-la-mfr-de-verneil-le-chetif\/","title":{"rendered":"Une premi\u00e8re pour les jeunes de la MFR de Verneil le Ch\u00e9tif"},"content":{"rendered":"\n<p>Jeudi 16 octobre la classe de CAP 2\u00e8me ann\u00e9e de la MFR de Verneil le Ch\u00e9tif s&rsquo;est rendue chez Philippe POUSSE pour faire un glanage de pommes. Ces pommes ont ensuite \u00e9t\u00e9 donn\u00e9es \u00e0 l&rsquo;\u00e9picerie sociale de La  Fl\u00e8che. Elles seront distribu\u00e9es d\u00e8s le lendemain aupr\u00e8s des familles accueillies. <\/p>\n\n\n\n<p>SOLAAL Pays de la Loire est intervenue le mardi 30 septembre au sein de quatre classes de la MFR de Verneil le Ch\u00e9tif. C&rsquo;\u00e9tait l&rsquo;occasion de pr\u00e9senter l&rsquo;association, les actions que l&rsquo;on peut mettre en place. Cette intervention \u00e9tait planifi\u00e9e en pr\u00e9vision de ce glanage de pommes chez Mr Pousse. <\/p>\n\n\n\n<p>Une fois sur place, Philippe POUSSE a pu pr\u00e9senter son entreprise pour ouvrir les horizons des jeunes. <br>Retrouvez en images l&rsquo;action :<\/p>\n\n\n\n<figure class=\"wp-block-gallery has-nested-images columns-2 is-cropped wp-block-gallery-1 is-layout-flex wp-block-gallery-is-layout-flex\">\n<figure class=\"wp-block-image size-large\"><img loading=\"lazy\" decoding=\"async\" width=\"1024\" height=\"768\" data-id=\"2542\" src=\"https:\/\/www.solaal.org\/pays-de-la-loire\/wp-content\/uploads\/sites\/26\/2025\/10\/WhatsApp-Image-2025-10-17-a-09.49.56_aa1ed996-1024x768.jpg\" alt=\"\" class=\"wp-image-2542\" srcset=\"https:\/\/www.solaal.org\/pays-de-la-loire\/wp-content\/uploads\/sites\/26\/2025\/10\/WhatsApp-Image-2025-10-17-a-09.49.56_aa1ed996-1024x768.jpg 1024w, https:\/\/www.solaal.org\/pays-de-la-loire\/wp-content\/uploads\/sites\/26\/2025\/10\/WhatsApp-Image-2025-10-17-a-09.49.56_aa1ed996-300x225.jpg 300w, https:\/\/www.solaal.org\/pays-de-la-loire\/wp-content\/uploads\/sites\/26\/2025\/10\/WhatsApp-Image-2025-10-17-a-09.49.56_aa1ed996-768x576.jpg 768w, https:\/\/www.solaal.org\/pays-de-la-loire\/wp-content\/uploads\/sites\/26\/2025\/10\/WhatsApp-Image-2025-10-17-a-09.49.56_aa1ed996.jpg 1200w\" sizes=\"auto, (max-width: 1024px) 100vw, 1024px\" \/><\/figure>\n\n\n\n<figure class=\"wp-block-image size-large\"><img loading=\"lazy\" decoding=\"async\" width=\"1024\" height=\"768\" data-id=\"2541\" src=\"https:\/\/www.solaal.org\/pays-de-la-loire\/wp-content\/uploads\/sites\/26\/2025\/10\/WhatsApp-Image-2025-10-17-a-09.49.57_7475247b-1024x768.jpg\" alt=\"\" class=\"wp-image-2541\" srcset=\"https:\/\/www.solaal.org\/pays-de-la-loire\/wp-content\/uploads\/sites\/26\/2025\/10\/WhatsApp-Image-2025-10-17-a-09.49.57_7475247b-1024x768.jpg 1024w, https:\/\/www.solaal.org\/pays-de-la-loire\/wp-content\/uploads\/sites\/26\/2025\/10\/WhatsApp-Image-2025-10-17-a-09.49.57_7475247b-300x225.jpg 300w, https:\/\/www.solaal.org\/pays-de-la-loire\/wp-content\/uploads\/sites\/26\/2025\/10\/WhatsApp-Image-2025-10-17-a-09.49.57_7475247b-768x576.jpg 768w, https:\/\/www.solaal.org\/pays-de-la-loire\/wp-content\/uploads\/sites\/26\/2025\/10\/WhatsApp-Image-2025-10-17-a-09.49.57_7475247b.jpg 1200w\" sizes=\"auto, (max-width: 1024px) 100vw, 1024px\" \/><\/figure>\n<\/figure>\n\n\n\n<figure class=\"wp-block-image size-medium\"><img loading=\"lazy\" decoding=\"async\" width=\"225\" height=\"300\" src=\"https:\/\/www.solaal.org\/pays-de-la-loire\/wp-content\/uploads\/sites\/26\/2025\/10\/WhatsApp-Image-2025-10-17-a-09.49.55_59292968-225x300.jpg\" alt=\"\" class=\"wp-image-2544\" srcset=\"https:\/\/www.solaal.org\/pays-de-la-loire\/wp-content\/uploads\/sites\/26\/2025\/10\/WhatsApp-Image-2025-10-17-a-09.49.55_59292968-225x300.jpg 225w, https:\/\/www.solaal.org\/pays-de-la-loire\/wp-content\/uploads\/sites\/26\/2025\/10\/WhatsApp-Image-2025-10-17-a-09.49.55_59292968-768x1024.jpg 768w, https:\/\/www.solaal.org\/pays-de-la-loire\/wp-content\/uploads\/sites\/26\/2025\/10\/WhatsApp-Image-2025-10-17-a-09.49.55_59292968.jpg 900w\" sizes=\"auto, (max-width: 225px) 100vw, 225px\" \/><\/figure>\n\n\n\n<figure class=\"wp-block-image size-large\"><img loading=\"lazy\" decoding=\"async\" width=\"1024\" height=\"768\" src=\"https:\/\/www.solaal.org\/pays-de-la-loire\/wp-content\/uploads\/sites\/26\/2025\/10\/VFGlanage-Philippe-POUSSE-2-1024x768.jpg\" alt=\"\" class=\"wp-image-2543\" srcset=\"https:\/\/www.solaal.org\/pays-de-la-loire\/wp-content\/uploads\/sites\/26\/2025\/10\/VFGlanage-Philippe-POUSSE-2-1024x768.jpg 1024w, https:\/\/www.solaal.org\/pays-de-la-loire\/wp-content\/uploads\/sites\/26\/2025\/10\/VFGlanage-Philippe-POUSSE-2-300x225.jpg 300w, https:\/\/www.solaal.org\/pays-de-la-loire\/wp-content\/uploads\/sites\/26\/2025\/10\/VFGlanage-Philippe-POUSSE-2-768x576.jpg 768w, https:\/\/www.solaal.org\/pays-de-la-loire\/wp-content\/uploads\/sites\/26\/2025\/10\/VFGlanage-Philippe-POUSSE-2.jpg 1200w\" sizes=\"auto, (max-width: 1024px) 100vw, 1024px\" \/><\/figure>\n\n\n\n<p>Un grand merci pour cette mobilisation aux 13 jeunes qui se sont impliqu\u00e9s ! <strong>Vous souhaitez mettre en place ce type d&rsquo;op\u00e9ration ? <\/strong><\/p>\n\n\n\n\t<div class=\"wp-block-button-two\">\n\t\t<a href=\"https:\/\/www.solaal.org\/pays-de-la-loire\/contact\/\" target=\"_self\"><i><\/i>Contactez-nous !<\/a>\n\t<\/div>","protected":false},"excerpt":{"rendered":"<p>Jeudi 16 octobre la classe de CAP 2\u00e8me ann\u00e9e de la MFR de Verneil le Ch\u00e9tif s&rsquo;est rendue chez Philippe POUSSE pour faire un glanage de pommes. Ces pommes ont ensuite \u00e9t\u00e9 donn\u00e9es \u00e0 l&rsquo;\u00e9picerie sociale de La Fl\u00e8che. Elles seront distribu\u00e9es d\u00e8s le lendemain aupr\u00e8s des familles accueillies. SOLAAL Pays de la Loire est [&hellip;]<\/p>\n","protected":false},"author":16,"featured_media":2543,"comment_status":"closed","ping_status":"closed","sticky":false,"template":"","format":"standard","meta":{"_acf_changed":false,"inline_featured_image":false,"footnotes":""},"categories":[5],"tags":[],"class_list":["post-2540","post","type-post","status-publish","format-standard","has-post-thumbnail","hentry","category-action-de-solidarite"],"acf":[],"_links":{"self":[{"href":"https:\/\/www.solaal.org\/pays-de-la-loire\/wp-json\/wp\/v2\/posts\/2540","targetHints":{"allow":["GET"]}}],"collection":[{"href":"https:\/\/www.solaal.org\/pays-de-la-loire\/wp-json\/wp\/v2\/posts"}],"about":[{"href":"https:\/\/www.solaal.org\/pays-de-la-loire\/wp-json\/wp\/v2\/types\/post"}],"author":[{"embeddable":true,"href":"https:\/\/www.solaal.org\/pays-de-la-loire\/wp-json\/wp\/v2\/users\/16"}],"replies":[{"embeddable":true,"href":"https:\/\/www.solaal.org\/pays-de-la-loire\/wp-json\/wp\/v2\/comments?post=2540"}],"version-history":[{"count":2,"href":"https:\/\/www.solaal.org\/pays-de-la-loire\/wp-json\/wp\/v2\/posts\/2540\/revisions"}],"predecessor-version":[{"id":2546,"href":"https:\/\/www.solaal.org\/pays-de-la-loire\/wp-json\/wp\/v2\/posts\/2540\/revisions\/2546"}],"wp:featuredmedia":[{"embeddable":true,"href":"https:\/\/www.solaal.org\/pays-de-la-loire\/wp-json\/wp\/v2\/media\/2543"}],"wp:attachment":[{"href":"https:\/\/www.solaal.org\/pays-de-la-loire\/wp-json\/wp\/v2\/media?parent=2540"}],"wp:term":[{"taxonomy":"category","embeddable":true,"href":"https:\/\/www.solaal.org\/pays-de-la-loire\/wp-json\/wp\/v2\/categories?post=2540"},{"taxonomy":"post_tag","embeddable":true,"href":"https:\/\/www.solaal.org\/pays-de-la-loire\/wp-json\/wp\/v2\/tags?post=2540"}],"curies":[{"name":"wp","href":"https:\/\/api.w.org\/{rel}","templated":true}]}}