{"id":2474,"date":"2025-07-23T17:52:02","date_gmt":"2025-07-23T15:52:02","guid":{"rendered":"https:\/\/www.solaal.org\/pays-de-la-loire\/?p=2474"},"modified":"2025-07-24T14:20:33","modified_gmt":"2025-07-24T12:20:33","slug":"le-lait-du-coeur-en-sarthe","status":"publish","type":"post","link":"https:\/\/www.solaal.org\/pays-de-la-loire\/2025\/07\/23\/le-lait-du-coeur-en-sarthe\/","title":{"rendered":"Le lait du c\u0153ur en Sarthe"},"content":{"rendered":"\n<p>[Retour en images]<\/p>\n\n\n\n<p>Aujourd\u2019hui, M. HERVE, Maire de Chang\u00e9, et son \u00e9quipe de l\u2019\u00e9picerie sociale Le Panier chang\u00e9en nous ont accueilli dans leurs locaux pour pr\u00e9senter l\u2019op\u00e9ration le <strong>Lait du c\u0153ur<\/strong>.<\/p>\n\n\n\n<figure class=\"wp-block-image size-large\"><img loading=\"lazy\" decoding=\"async\" width=\"1024\" height=\"768\" src=\"https:\/\/www.solaal.org\/pays-de-la-loire\/wp-content\/uploads\/sites\/26\/2025\/07\/WhatsApp-Image-2025-07-23-at-16.36.50-6-1024x768.jpeg\" alt=\"\" class=\"wp-image-2477\" srcset=\"https:\/\/www.solaal.org\/pays-de-la-loire\/wp-content\/uploads\/sites\/26\/2025\/07\/WhatsApp-Image-2025-07-23-at-16.36.50-6-1024x768.jpeg 1024w, https:\/\/www.solaal.org\/pays-de-la-loire\/wp-content\/uploads\/sites\/26\/2025\/07\/WhatsApp-Image-2025-07-23-at-16.36.50-6-300x225.jpeg 300w, https:\/\/www.solaal.org\/pays-de-la-loire\/wp-content\/uploads\/sites\/26\/2025\/07\/WhatsApp-Image-2025-07-23-at-16.36.50-6-768x576.jpeg 768w, https:\/\/www.solaal.org\/pays-de-la-loire\/wp-content\/uploads\/sites\/26\/2025\/07\/WhatsApp-Image-2025-07-23-at-16.36.50-6.jpeg 1200w\" sizes=\"auto, (max-width: 1024px) 100vw, 1024px\" \/><\/figure>\n\n\n\n<h2 class=\"wp-block-heading\"><strong>Le lait du c\u0153ur<\/strong>, <strong>c\u2019est quoi&nbsp;?<\/strong><\/h2>\n\n\n\n<p>Une op\u00e9ration de don de lait gratuite pour les associations d\u2019aide alimentaire qui a \u00e9t\u00e9 possible gr\u00e2ce \u00e0 tous les acteurs de la cha\u00eene alimentaire&nbsp;:<\/p>\n\n\n\n<ul class=\"wp-block-list\">\n<li>Les \u00e9leveurs, merci \u00e0 Julien FOUREAU d\u2019avoir donn\u00e9 2\u00a0000 L de lait en Sarthe<\/li>\n\n\n\n<li>La laiterie Saint Denis de l\u2019H\u00f4tel, pour la collecte et la transformation<\/li>\n\n\n\n<li>Tetra Pak, pour l\u2019emballage,<\/li>\n\n\n\n<li>Carrefour Le Mans Sud, pour le transport<\/li>\n\n\n\n<li>Les associations du r\u00e9seau ANDES pour leur distribution aupr\u00e8s des personnes accueillies<\/li>\n<\/ul>\n\n\n\n<p>M. HERVE et M. PAUTONNIER, \u00e9lu en charge de l\u2019\u00e9picerie sociale, ont soulign\u00e9 \u00ab\u00a0<em>l\u2019importance de ce type d\u2019initiative qui permet de proposer du lait aux personnes accueillies\u00a0<\/em>\u00bb. L&rsquo;\u00e9picerie sociale accueille 80 foyers avec en moyenne 2.5 personnes \/ foyer.<\/p>\n\n\n\n<p>Pour Julien FOUREAU, c\u2019est \u00ab\u00a0<em>important de tendre la main quand on le peut<\/em>\u00a0\u00bb. Gr\u00e2ce \u00e0 Julien FOUREAU, nous avons pu rencontrer Simon FOUCHET, directeur de Carrefour Le Mans, qui nous a permis de b\u00e9n\u00e9ficier du transport gratuitement pour acheminer les bouteilles de lait de l\u2019usine aux diff\u00e9rentes associations des Pays de la Loire. Simon souhaitait \u00ab<em>\u00a0faire une op\u00e9ration tr\u00e8s pratique, aider des personnes qui en ont besoin<\/em>\u00a0\u00bb.<\/p>\n\n\n\n<p><strong>Un grand merci<\/strong> \u00e0 tous les acteurs qui se sont mobilis\u00e9s pour permettre \u00e0 des personnes en difficult\u00e9 de b\u00e9n\u00e9ficier de don de lait. \u00ab\u00a0<em>Un vrai travail d\u2019\u00e9quipe<\/em>\u00a0\u00bb comme l\u2019a soulign\u00e9 Simon FOUCHET, directeur de Carrefour Le Mans-Sud\u00a0!<\/p>\n\n\n\n<p>Au total, ce sont <strong>2000L de lait<\/strong> qui ont pu b\u00e9n\u00e9ficier \u00e0 6 associations sarthoises : l&rsquo;\u00e9picerie sociale de Chang\u00e9 &#8211; le panier Chang\u00e9en, l&rsquo;\u00e9picerie Epi C bon, l&rsquo;\u00e9picerie de Chartre-sur-le-Loir, Le kal\u00e9idoscope &#8211; Le Mans, l&rsquo;\u00e9picerie sociale de Coulaines et le panier Solid&rsquo;R de Tuff\u00e9 Val de la Ch\u00e9ronne.<\/p>\n\n\n\n<p>Plus largement, en Pays de la Loire, ce sont pr\u00e8s de 25 000L de lait qui ont pu \u00eatre donn\u00e9s, collect\u00e9s, livr\u00e9s et distribu\u00e9s. <\/p>\n\n\n\n<figure class=\"wp-block-gallery has-nested-images columns-default is-cropped wp-block-gallery-1 is-layout-flex wp-block-gallery-is-layout-flex\">\n<figure class=\"wp-block-image size-large\"><img loading=\"lazy\" decoding=\"async\" width=\"1024\" height=\"768\" data-id=\"2476\" src=\"https:\/\/www.solaal.org\/pays-de-la-loire\/wp-content\/uploads\/sites\/26\/2025\/07\/WhatsApp-Image-2025-07-23-at-16.36.50-2-1024x768.jpeg\" alt=\"\" class=\"wp-image-2476\" srcset=\"https:\/\/www.solaal.org\/pays-de-la-loire\/wp-content\/uploads\/sites\/26\/2025\/07\/WhatsApp-Image-2025-07-23-at-16.36.50-2-1024x768.jpeg 1024w, https:\/\/www.solaal.org\/pays-de-la-loire\/wp-content\/uploads\/sites\/26\/2025\/07\/WhatsApp-Image-2025-07-23-at-16.36.50-2-300x225.jpeg 300w, https:\/\/www.solaal.org\/pays-de-la-loire\/wp-content\/uploads\/sites\/26\/2025\/07\/WhatsApp-Image-2025-07-23-at-16.36.50-2-768x576.jpeg 768w, https:\/\/www.solaal.org\/pays-de-la-loire\/wp-content\/uploads\/sites\/26\/2025\/07\/WhatsApp-Image-2025-07-23-at-16.36.50-2.jpeg 1200w\" sizes=\"auto, (max-width: 1024px) 100vw, 1024px\" \/><figcaption class=\"wp-element-caption\">de G \u00e0 D : Yves-Marie HERVE, Julien FOURREAU, Alexis ROPTIN, Robert PAUTONNIER, Simon FOUCHET<\/figcaption><\/figure>\n\n\n\n<figure class=\"wp-block-image size-large\"><img loading=\"lazy\" decoding=\"async\" width=\"1024\" height=\"768\" data-id=\"2479\" src=\"https:\/\/www.solaal.org\/pays-de-la-loire\/wp-content\/uploads\/sites\/26\/2025\/07\/WhatsApp-Image-2025-07-23-at-16.36.50-3-1024x768.jpeg\" alt=\"\" class=\"wp-image-2479\" srcset=\"https:\/\/www.solaal.org\/pays-de-la-loire\/wp-content\/uploads\/sites\/26\/2025\/07\/WhatsApp-Image-2025-07-23-at-16.36.50-3-1024x768.jpeg 1024w, https:\/\/www.solaal.org\/pays-de-la-loire\/wp-content\/uploads\/sites\/26\/2025\/07\/WhatsApp-Image-2025-07-23-at-16.36.50-3-300x225.jpeg 300w, https:\/\/www.solaal.org\/pays-de-la-loire\/wp-content\/uploads\/sites\/26\/2025\/07\/WhatsApp-Image-2025-07-23-at-16.36.50-3-768x576.jpeg 768w, https:\/\/www.solaal.org\/pays-de-la-loire\/wp-content\/uploads\/sites\/26\/2025\/07\/WhatsApp-Image-2025-07-23-at-16.36.50-3.jpeg 1200w\" sizes=\"auto, (max-width: 1024px) 100vw, 1024px\" \/><\/figure>\n\n\n\n<figure class=\"wp-block-image size-large\"><img loading=\"lazy\" decoding=\"async\" width=\"1024\" height=\"768\" data-id=\"2480\" src=\"https:\/\/www.solaal.org\/pays-de-la-loire\/wp-content\/uploads\/sites\/26\/2025\/07\/WhatsApp-Image-2025-07-23-at-16.36.50-4-1024x768.jpeg\" alt=\"\" class=\"wp-image-2480\" srcset=\"https:\/\/www.solaal.org\/pays-de-la-loire\/wp-content\/uploads\/sites\/26\/2025\/07\/WhatsApp-Image-2025-07-23-at-16.36.50-4-1024x768.jpeg 1024w, https:\/\/www.solaal.org\/pays-de-la-loire\/wp-content\/uploads\/sites\/26\/2025\/07\/WhatsApp-Image-2025-07-23-at-16.36.50-4-300x225.jpeg 300w, https:\/\/www.solaal.org\/pays-de-la-loire\/wp-content\/uploads\/sites\/26\/2025\/07\/WhatsApp-Image-2025-07-23-at-16.36.50-4-768x576.jpeg 768w, https:\/\/www.solaal.org\/pays-de-la-loire\/wp-content\/uploads\/sites\/26\/2025\/07\/WhatsApp-Image-2025-07-23-at-16.36.50-4.jpeg 1200w\" sizes=\"auto, (max-width: 1024px) 100vw, 1024px\" \/><\/figure>\n\n\n\n<figure class=\"wp-block-image size-large\"><img loading=\"lazy\" decoding=\"async\" width=\"1024\" height=\"768\" data-id=\"2477\" src=\"https:\/\/www.solaal.org\/pays-de-la-loire\/wp-content\/uploads\/sites\/26\/2025\/07\/WhatsApp-Image-2025-07-23-at-16.36.50-6-1024x768.jpeg\" alt=\"\" class=\"wp-image-2477\" srcset=\"https:\/\/www.solaal.org\/pays-de-la-loire\/wp-content\/uploads\/sites\/26\/2025\/07\/WhatsApp-Image-2025-07-23-at-16.36.50-6-1024x768.jpeg 1024w, https:\/\/www.solaal.org\/pays-de-la-loire\/wp-content\/uploads\/sites\/26\/2025\/07\/WhatsApp-Image-2025-07-23-at-16.36.50-6-300x225.jpeg 300w, https:\/\/www.solaal.org\/pays-de-la-loire\/wp-content\/uploads\/sites\/26\/2025\/07\/WhatsApp-Image-2025-07-23-at-16.36.50-6-768x576.jpeg 768w, https:\/\/www.solaal.org\/pays-de-la-loire\/wp-content\/uploads\/sites\/26\/2025\/07\/WhatsApp-Image-2025-07-23-at-16.36.50-6.jpeg 1200w\" sizes=\"auto, (max-width: 1024px) 100vw, 1024px\" \/><\/figure>\n\n\n\n<figure class=\"wp-block-image size-large\"><img loading=\"lazy\" decoding=\"async\" width=\"1024\" height=\"768\" data-id=\"2478\" src=\"https:\/\/www.solaal.org\/pays-de-la-loire\/wp-content\/uploads\/sites\/26\/2025\/07\/WhatsApp-Image-2025-07-23-at-16.36.51-1024x768.jpeg\" alt=\"\" class=\"wp-image-2478\" srcset=\"https:\/\/www.solaal.org\/pays-de-la-loire\/wp-content\/uploads\/sites\/26\/2025\/07\/WhatsApp-Image-2025-07-23-at-16.36.51-1024x768.jpeg 1024w, https:\/\/www.solaal.org\/pays-de-la-loire\/wp-content\/uploads\/sites\/26\/2025\/07\/WhatsApp-Image-2025-07-23-at-16.36.51-300x225.jpeg 300w, https:\/\/www.solaal.org\/pays-de-la-loire\/wp-content\/uploads\/sites\/26\/2025\/07\/WhatsApp-Image-2025-07-23-at-16.36.51-768x576.jpeg 768w, https:\/\/www.solaal.org\/pays-de-la-loire\/wp-content\/uploads\/sites\/26\/2025\/07\/WhatsApp-Image-2025-07-23-at-16.36.51.jpeg 1200w\" sizes=\"auto, (max-width: 1024px) 100vw, 1024px\" \/><\/figure>\n<\/figure>\n\n\n\n<p>Cette op\u00e9ration est financ\u00e9e par la R\u00e9gion Pays de la Loire, dans le cadre du projet \u00ab\u00a0Ma r\u00e9gion anti-gaspi\u00a0\u00bb.<\/p>\n\n\n\n<section class=\"wp-block-title-c\">\n\t<h2>Ils parlent de nous !<\/h2>\n<\/section>\n\n\n<p>Retrouvez l&rsquo;article du Ouest France \u00e0 ce sujet, <a href=\"https:\/\/www.ouest-france.fr\/pays-de-la-loire\/change-72560\/le-lait-du-cur-aide-cette-epicerie-solidaire-cest-un-geste-qui-a-du-sens-b6c396fe-67d7-11f0-957e-72fc1e8962f9\">par ici<\/a><\/p>\n\n\n\n<p>Retrouvez le reportage de France 3 Pays de la Loire, diffus\u00e9 le mercredi 23 juillet 2025<\/p>\n\n\n\n<figure class=\"wp-block-embed is-type-video is-provider-youtube wp-block-embed-youtube wp-embed-aspect-16-9 wp-has-aspect-ratio\"><div class=\"wp-block-embed__wrapper\">\n<iframe loading=\"lazy\" title=\"Reportage France 3 Pays de la Loire - Le Lait du c\u0153ur\" width=\"500\" height=\"281\" src=\"https:\/\/www.youtube.com\/embed\/13giln2gN0E?feature=oembed\" frameborder=\"0\" allow=\"accelerometer; autoplay; clipboard-write; encrypted-media; gyroscope; picture-in-picture; web-share\" referrerpolicy=\"strict-origin-when-cross-origin\" allowfullscreen><\/iframe>\n<\/div><\/figure>\n","protected":false},"excerpt":{"rendered":"<p>[Retour en images] Aujourd\u2019hui, M. HERVE, Maire de Chang\u00e9, et son \u00e9quipe de l\u2019\u00e9picerie sociale Le Panier chang\u00e9en nous ont accueilli dans leurs locaux pour pr\u00e9senter l\u2019op\u00e9ration le Lait du c\u0153ur. Le lait du c\u0153ur, c\u2019est quoi&nbsp;? Une op\u00e9ration de don de lait gratuite pour les associations d\u2019aide alimentaire qui a \u00e9t\u00e9 possible gr\u00e2ce \u00e0 [&hellip;]<\/p>\n","protected":false},"author":16,"featured_media":2477,"comment_status":"closed","ping_status":"closed","sticky":false,"template":"","format":"standard","meta":{"_acf_changed":false,"inline_featured_image":false,"footnotes":""},"categories":[5],"tags":[],"class_list":["post-2474","post","type-post","status-publish","format-standard","has-post-thumbnail","hentry","category-action-de-solidarite"],"acf":[],"_links":{"self":[{"href":"https:\/\/www.solaal.org\/pays-de-la-loire\/wp-json\/wp\/v2\/posts\/2474","targetHints":{"allow":["GET"]}}],"collection":[{"href":"https:\/\/www.solaal.org\/pays-de-la-loire\/wp-json\/wp\/v2\/posts"}],"about":[{"href":"https:\/\/www.solaal.org\/pays-de-la-loire\/wp-json\/wp\/v2\/types\/post"}],"author":[{"embeddable":true,"href":"https:\/\/www.solaal.org\/pays-de-la-loire\/wp-json\/wp\/v2\/users\/16"}],"replies":[{"embeddable":true,"href":"https:\/\/www.solaal.org\/pays-de-la-loire\/wp-json\/wp\/v2\/comments?post=2474"}],"version-history":[{"count":8,"href":"https:\/\/www.solaal.org\/pays-de-la-loire\/wp-json\/wp\/v2\/posts\/2474\/revisions"}],"predecessor-version":[{"id":2492,"href":"https:\/\/www.solaal.org\/pays-de-la-loire\/wp-json\/wp\/v2\/posts\/2474\/revisions\/2492"}],"wp:featuredmedia":[{"embeddable":true,"href":"https:\/\/www.solaal.org\/pays-de-la-loire\/wp-json\/wp\/v2\/media\/2477"}],"wp:attachment":[{"href":"https:\/\/www.solaal.org\/pays-de-la-loire\/wp-json\/wp\/v2\/media?parent=2474"}],"wp:term":[{"taxonomy":"category","embeddable":true,"href":"https:\/\/www.solaal.org\/pays-de-la-loire\/wp-json\/wp\/v2\/categories?post=2474"},{"taxonomy":"post_tag","embeddable":true,"href":"https:\/\/www.solaal.org\/pays-de-la-loire\/wp-json\/wp\/v2\/tags?post=2474"}],"curies":[{"name":"wp","href":"https:\/\/api.w.org\/{rel}","templated":true}]}}