{"id":2446,"date":"2025-06-18T10:58:18","date_gmt":"2025-06-18T08:58:18","guid":{"rendered":"https:\/\/www.solaal.org\/pays-de-la-loire\/?p=2446"},"modified":"2025-09-22T16:16:02","modified_gmt":"2025-09-22T14:16:02","slug":"retour-en-images-sur-notre-assemblee-generale","status":"publish","type":"post","link":"https:\/\/www.solaal.org\/pays-de-la-loire\/2025\/06\/18\/retour-en-images-sur-notre-assemblee-generale\/","title":{"rendered":"Retour en images sur notre Assembl\u00e9e g\u00e9n\u00e9rale"},"content":{"rendered":"\n<p>Hier nous avons \u00e9t\u00e9 accueillies dans les locaux des associations d&rsquo;aide alimentaire de Maine-et-Loire pour y r\u00e9aliser notre Assembl\u00e9e g\u00e9n\u00e9rale. C&rsquo;\u00e9tait l&rsquo;occasion de revenir sur les actions men\u00e9es en 2024. <\/p>\n\n\n\n<h2 class=\"wp-block-heading\">Des indicateurs en hausse <\/h2>\n\n\n\n<p>En 2024, l&rsquo;activit\u00e9 \u00e9tait pr\u00e9sente sur les Pays de la Loire, en voici un aper\u00e7u :<\/p>\n\n\n\n<figure class=\"wp-block-image size-full\"><img loading=\"lazy\" decoding=\"async\" width=\"1014\" height=\"764\" src=\"https:\/\/www.solaal.org\/pays-de-la-loire\/wp-content\/uploads\/sites\/26\/2025\/06\/image.png\" alt=\"\" class=\"wp-image-2447\" srcset=\"https:\/\/www.solaal.org\/pays-de-la-loire\/wp-content\/uploads\/sites\/26\/2025\/06\/image.png 1014w, https:\/\/www.solaal.org\/pays-de-la-loire\/wp-content\/uploads\/sites\/26\/2025\/06\/image-300x226.png 300w, https:\/\/www.solaal.org\/pays-de-la-loire\/wp-content\/uploads\/sites\/26\/2025\/06\/image-768x579.png 768w\" sizes=\"auto, (max-width: 1014px) 100vw, 1014px\" \/><\/figure>\n\n\n\n<p>Apr\u00e8s la pr\u00e9sentation de l&rsquo;activit\u00e9 nous avons pu faire une visite des entrep\u00f4ts de la Banque alimentaire de Maine-et-Loire, merci \u00e0 Philippe pour son accueil ! De quoi rendre concret le fruit de l&rsquo;action SOLAAL et de ses partenaires. <\/p>\n\n\n\n<figure class=\"wp-block-gallery has-nested-images columns-default is-cropped wp-block-gallery-1 is-layout-flex wp-block-gallery-is-layout-flex\">\n<figure class=\"wp-block-image size-large\"><img loading=\"lazy\" decoding=\"async\" width=\"1024\" height=\"768\" data-id=\"2453\" src=\"https:\/\/www.solaal.org\/pays-de-la-loire\/wp-content\/uploads\/sites\/26\/2025\/06\/WhatsApp-Image-2025-06-18-at-11.00.50-1024x768.jpeg\" alt=\"\" class=\"wp-image-2453\" srcset=\"https:\/\/www.solaal.org\/pays-de-la-loire\/wp-content\/uploads\/sites\/26\/2025\/06\/WhatsApp-Image-2025-06-18-at-11.00.50-1024x768.jpeg 1024w, https:\/\/www.solaal.org\/pays-de-la-loire\/wp-content\/uploads\/sites\/26\/2025\/06\/WhatsApp-Image-2025-06-18-at-11.00.50-300x225.jpeg 300w, https:\/\/www.solaal.org\/pays-de-la-loire\/wp-content\/uploads\/sites\/26\/2025\/06\/WhatsApp-Image-2025-06-18-at-11.00.50-768x576.jpeg 768w, https:\/\/www.solaal.org\/pays-de-la-loire\/wp-content\/uploads\/sites\/26\/2025\/06\/WhatsApp-Image-2025-06-18-at-11.00.50.jpeg 1200w\" sizes=\"auto, (max-width: 1024px) 100vw, 1024px\" \/><\/figure>\n\n\n\n<figure class=\"wp-block-image size-large\"><img loading=\"lazy\" decoding=\"async\" width=\"1024\" height=\"769\" data-id=\"2454\" src=\"https:\/\/www.solaal.org\/pays-de-la-loire\/wp-content\/uploads\/sites\/26\/2025\/06\/AG-1024x769.jpg\" alt=\"\" class=\"wp-image-2454\" srcset=\"https:\/\/www.solaal.org\/pays-de-la-loire\/wp-content\/uploads\/sites\/26\/2025\/06\/AG-1024x769.jpg 1024w, https:\/\/www.solaal.org\/pays-de-la-loire\/wp-content\/uploads\/sites\/26\/2025\/06\/AG-300x225.jpg 300w, https:\/\/www.solaal.org\/pays-de-la-loire\/wp-content\/uploads\/sites\/26\/2025\/06\/AG-768x577.jpg 768w, https:\/\/www.solaal.org\/pays-de-la-loire\/wp-content\/uploads\/sites\/26\/2025\/06\/AG.jpg 1200w\" sizes=\"auto, (max-width: 1024px) 100vw, 1024px\" \/><\/figure>\n\n\n\n<figure class=\"wp-block-image size-large\"><img loading=\"lazy\" decoding=\"async\" width=\"1024\" height=\"769\" data-id=\"2456\" src=\"https:\/\/www.solaal.org\/pays-de-la-loire\/wp-content\/uploads\/sites\/26\/2025\/06\/WhatsApp-Image-2025-06-18-a-10.25.19_cd2f18d4-1024x769.jpg\" alt=\"\" class=\"wp-image-2456\" srcset=\"https:\/\/www.solaal.org\/pays-de-la-loire\/wp-content\/uploads\/sites\/26\/2025\/06\/WhatsApp-Image-2025-06-18-a-10.25.19_cd2f18d4-1024x769.jpg 1024w, https:\/\/www.solaal.org\/pays-de-la-loire\/wp-content\/uploads\/sites\/26\/2025\/06\/WhatsApp-Image-2025-06-18-a-10.25.19_cd2f18d4-300x225.jpg 300w, https:\/\/www.solaal.org\/pays-de-la-loire\/wp-content\/uploads\/sites\/26\/2025\/06\/WhatsApp-Image-2025-06-18-a-10.25.19_cd2f18d4-768x577.jpg 768w, https:\/\/www.solaal.org\/pays-de-la-loire\/wp-content\/uploads\/sites\/26\/2025\/06\/WhatsApp-Image-2025-06-18-a-10.25.19_cd2f18d4.jpg 1200w\" sizes=\"auto, (max-width: 1024px) 100vw, 1024px\" \/><\/figure>\n\n\n\n<figure class=\"wp-block-image size-large\"><img loading=\"lazy\" decoding=\"async\" width=\"769\" height=\"1024\" data-id=\"2455\" src=\"https:\/\/www.solaal.org\/pays-de-la-loire\/wp-content\/uploads\/sites\/26\/2025\/06\/WhatsApp-Image-2025-06-18-a-10.25.19_f32611f5-769x1024.jpg\" alt=\"\" class=\"wp-image-2455\" srcset=\"https:\/\/www.solaal.org\/pays-de-la-loire\/wp-content\/uploads\/sites\/26\/2025\/06\/WhatsApp-Image-2025-06-18-a-10.25.19_f32611f5-769x1024.jpg 769w, https:\/\/www.solaal.org\/pays-de-la-loire\/wp-content\/uploads\/sites\/26\/2025\/06\/WhatsApp-Image-2025-06-18-a-10.25.19_f32611f5-225x300.jpg 225w, https:\/\/www.solaal.org\/pays-de-la-loire\/wp-content\/uploads\/sites\/26\/2025\/06\/WhatsApp-Image-2025-06-18-a-10.25.19_f32611f5-768x1023.jpg 768w, https:\/\/www.solaal.org\/pays-de-la-loire\/wp-content\/uploads\/sites\/26\/2025\/06\/WhatsApp-Image-2025-06-18-a-10.25.19_f32611f5.jpg 901w\" sizes=\"auto, (max-width: 769px) 100vw, 769px\" \/><\/figure>\n<\/figure>\n\n\n\n<figure class=\"wp-block-image size-large\"><img loading=\"lazy\" decoding=\"async\" width=\"1024\" height=\"768\" src=\"https:\/\/www.solaal.org\/pays-de-la-loire\/wp-content\/uploads\/sites\/26\/2025\/06\/WhatsApp-Image-2025-06-18-at-11.00.51-1-1024x768.jpeg\" alt=\"\" class=\"wp-image-2452\" srcset=\"https:\/\/www.solaal.org\/pays-de-la-loire\/wp-content\/uploads\/sites\/26\/2025\/06\/WhatsApp-Image-2025-06-18-at-11.00.51-1-1024x768.jpeg 1024w, https:\/\/www.solaal.org\/pays-de-la-loire\/wp-content\/uploads\/sites\/26\/2025\/06\/WhatsApp-Image-2025-06-18-at-11.00.51-1-300x225.jpeg 300w, https:\/\/www.solaal.org\/pays-de-la-loire\/wp-content\/uploads\/sites\/26\/2025\/06\/WhatsApp-Image-2025-06-18-at-11.00.51-1-768x576.jpeg 768w, https:\/\/www.solaal.org\/pays-de-la-loire\/wp-content\/uploads\/sites\/26\/2025\/06\/WhatsApp-Image-2025-06-18-at-11.00.51-1.jpeg 1200w\" sizes=\"auto, (max-width: 1024px) 100vw, 1024px\" \/><\/figure>\n\n\n\n<p>Ils en parlent mieux que nous : <\/p>\n\n\n\n<blockquote class=\"wp-block-quote is-layout-flow wp-block-quote-is-layout-flow\">\n<blockquote class=\"wp-block-quote is-layout-flow wp-block-quote-is-layout-flow\">\n<figure class=\"wp-block-pullquote\"><blockquote><p>Ce matin je suis all\u00e9 voir le palox de pommes de terre, en ai pris un sac de 25kg. Les pommes de terre sont de bonne qualit\u00e9. Des sacs sont d\u00e9j\u00e0 pr\u00eats pour une distribution et j\u2019imagine aussi le sourire des b\u00e9n\u00e9ficiaires&nbsp;&nbsp;&nbsp;&nbsp;&nbsp;<\/p><cite> <em>La Soci\u00e9t\u00e9 Saint Vincent de Paul 85<\/em><\/cite><\/blockquote><\/figure>\n<\/blockquote>\n<\/blockquote>\n\n\n\n<div data-wp-interactive=\"core\/file\" class=\"wp-block-file\"><object data-wp-bind--hidden=\"!state.hasPdfPreview\" hidden class=\"wp-block-file__embed\" data=\"https:\/\/www.solaal.org\/pays-de-la-loire\/wp-content\/uploads\/sites\/26\/2025\/06\/Rapport-dactivite-2024-SOLAAL-Pays-de-la-Loire-2.pdf\" type=\"application\/pdf\" style=\"width:100%;height:600px\" aria-label=\"Contenu embarqu\u00e9 Rapport d&apos;activit\u00e9 2024 SOLAAL Pays de la Loire.\"><\/object><a id=\"wp-block-file--media-8c341000-443f-4e31-8c64-a6e554eb5c25\" href=\"https:\/\/www.solaal.org\/pays-de-la-loire\/wp-content\/uploads\/sites\/26\/2025\/06\/Rapport-dactivite-2024-SOLAAL-Pays-de-la-Loire-2.pdf\">Rapport d&rsquo;activit\u00e9 2024 SOLAAL Pays de la Loire<\/a><a href=\"https:\/\/www.solaal.org\/pays-de-la-loire\/wp-content\/uploads\/sites\/26\/2025\/06\/Rapport-dactivite-2024-SOLAAL-Pays-de-la-Loire-2.pdf\" class=\"wp-block-file__button wp-element-button\" download aria-describedby=\"wp-block-file--media-8c341000-443f-4e31-8c64-a6e554eb5c25\">T\u00e9l\u00e9charger<\/a><\/div>\n","protected":false},"excerpt":{"rendered":"<p>Hier nous avons \u00e9t\u00e9 accueillies dans les locaux des associations d&rsquo;aide alimentaire de Maine-et-Loire pour y r\u00e9aliser notre Assembl\u00e9e g\u00e9n\u00e9rale. C&rsquo;\u00e9tait l&rsquo;occasion de revenir sur les actions men\u00e9es en 2024. Des indicateurs en hausse En 2024, l&rsquo;activit\u00e9 \u00e9tait pr\u00e9sente sur les Pays de la Loire, en voici un aper\u00e7u : Apr\u00e8s la pr\u00e9sentation de l&rsquo;activit\u00e9 [&hellip;]<\/p>\n","protected":false},"author":16,"featured_media":2452,"comment_status":"closed","ping_status":"closed","sticky":false,"template":"","format":"standard","meta":{"_acf_changed":false,"inline_featured_image":false,"footnotes":""},"categories":[4],"tags":[],"class_list":["post-2446","post","type-post","status-publish","format-standard","has-post-thumbnail","hentry","category-vie-associative"],"acf":[],"_links":{"self":[{"href":"https:\/\/www.solaal.org\/pays-de-la-loire\/wp-json\/wp\/v2\/posts\/2446","targetHints":{"allow":["GET"]}}],"collection":[{"href":"https:\/\/www.solaal.org\/pays-de-la-loire\/wp-json\/wp\/v2\/posts"}],"about":[{"href":"https:\/\/www.solaal.org\/pays-de-la-loire\/wp-json\/wp\/v2\/types\/post"}],"author":[{"embeddable":true,"href":"https:\/\/www.solaal.org\/pays-de-la-loire\/wp-json\/wp\/v2\/users\/16"}],"replies":[{"embeddable":true,"href":"https:\/\/www.solaal.org\/pays-de-la-loire\/wp-json\/wp\/v2\/comments?post=2446"}],"version-history":[{"count":4,"href":"https:\/\/www.solaal.org\/pays-de-la-loire\/wp-json\/wp\/v2\/posts\/2446\/revisions"}],"predecessor-version":[{"id":2462,"href":"https:\/\/www.solaal.org\/pays-de-la-loire\/wp-json\/wp\/v2\/posts\/2446\/revisions\/2462"}],"wp:featuredmedia":[{"embeddable":true,"href":"https:\/\/www.solaal.org\/pays-de-la-loire\/wp-json\/wp\/v2\/media\/2452"}],"wp:attachment":[{"href":"https:\/\/www.solaal.org\/pays-de-la-loire\/wp-json\/wp\/v2\/media?parent=2446"}],"wp:term":[{"taxonomy":"category","embeddable":true,"href":"https:\/\/www.solaal.org\/pays-de-la-loire\/wp-json\/wp\/v2\/categories?post=2446"},{"taxonomy":"post_tag","embeddable":true,"href":"https:\/\/www.solaal.org\/pays-de-la-loire\/wp-json\/wp\/v2\/tags?post=2446"}],"curies":[{"name":"wp","href":"https:\/\/api.w.org\/{rel}","templated":true}]}}