{"id":2390,"date":"2025-06-05T11:45:04","date_gmt":"2025-06-05T09:45:04","guid":{"rendered":"https:\/\/www.solaal.org\/pays-de-la-loire\/?p=2390"},"modified":"2025-06-18T11:35:44","modified_gmt":"2025-06-18T09:35:44","slug":"retrouvez-le-temoignage-de-philippe-pousse-arboriculteur-et-donateur","status":"publish","type":"post","link":"https:\/\/www.solaal.org\/pays-de-la-loire\/2025\/06\/05\/retrouvez-le-temoignage-de-philippe-pousse-arboriculteur-et-donateur\/","title":{"rendered":"Retrouvez le t\u00e9moignage de Philippe Pousse, arboriculteur et donateur\u00a0!"},"content":{"rendered":"\n<p>Nous retrouvons Philippe dans notre s\u00e9rie de donateurs. Il est arboriculteur sur la commune de Lavernat (en Sarthe). Philippe propose chaque ann\u00e9e du glanage solidaire dans ses vergers pour ramasser les fruits tomb\u00e9s au sol. R\u00e9colt\u00e9s rapidement apr\u00e8s la chute ils peuvent \u00eatre consomm\u00e9s, en jus, en tarte ou bien au go\u00fbter ! <\/p>\n\n\n\n<p>Le glanage est une op\u00e9ration qui consiste \u00e0 ramasser les fruits ou l\u00e9gumes laiss\u00e9s aux champs apr\u00e8s la r\u00e9colte. En tant que producteur vous pouvez donner vos produits, SOLAAL se charge de trouver une association et des b\u00e9n\u00e9voles pour venir r\u00e9colter les produits. Ils sont ensuite distribu\u00e9s aux personnes accueillies \u00e0 l&rsquo;aide alimentaire.<\/p>\n\n\n\n<h2 class=\"wp-block-heading\">Ce sont des petites actions qui font la vie ! <\/h2>\n\n\n\n<p>Pour Philippe, c&rsquo;est tout naturellement qu&rsquo;il a appel\u00e9 SOLAAL pour proposer du glanage solidaire. Il organise chaque ann\u00e9e de la ramasse de fruits pour une association pour faire du jus de pommes. Il propose en compl\u00e9ment du glanage solidaire pour les personnes accueillies \u00e0 l&rsquo;aide alimentaire. \u00ab\u00a0<em>Ce sont des petites actions qui font la vie !<\/em>\u00a0\u00bb comme t\u00e9moigne Philippe.<\/p>\n\n\n\n<p>Plusieurs op\u00e9rations de glanage ont pu \u00eatre organis\u00e9es, notamment avec l&rsquo;\u00e9picerie sociale de la Fl\u00e8che. Les pommes ont pu \u00eatre transform\u00e9es en glace pommes\/ poires et de la confiture de pommes \/poires.<\/p>\n\n\n\n<p>2 tonnes de produits donn\u00e9s via SOLAAL pour cet arboriculteur. <\/p>\n\n\n\n<figure class=\"wp-block-embed aligncenter is-type-video is-provider-youtube wp-block-embed-youtube wp-embed-aspect-16-9 wp-has-aspect-ratio\"><div class=\"wp-block-embed__wrapper\">\n<iframe loading=\"lazy\" title=\"Retrouvez Philippe POUSSE, arboriculteur donateur\" width=\"500\" height=\"281\" src=\"https:\/\/www.youtube.com\/embed\/4ObzU29KxsA?feature=oembed\" frameborder=\"0\" allow=\"accelerometer; autoplay; clipboard-write; encrypted-media; gyroscope; picture-in-picture; web-share\" referrerpolicy=\"strict-origin-when-cross-origin\" allowfullscreen><\/iframe>\n<\/div><\/figure>\n\n\n\n<p><strong>Appel \u00e0 l&rsquo;action :<\/strong><\/p>\n\n\n\n<ul class=\"wp-block-list\">\n<li>Regardez <a href=\"https:\/\/youtu.be\/4ObzU29KxsA\">la vid\u00e9o<\/a> d\u00e8s maintenant <\/li>\n\n\n\n<li>Partagez cette vid\u00e9o pour sensibiliser votre entourage<\/li>\n\n\n\n<li>D\u00e9couvrez comment devenir donateur ou b\u00e9n\u00e9vole sur le <a href=\"https:\/\/www.solaal.org\/pays-de-la-loire\/vous-souhaitez-faire-un-don\/le-don-via-solaal\/\">site de SOLAAL Pays de la Loire<\/a> <\/li>\n<\/ul>\n\n\n\n<p>Ensemble, agissons pour une agriculture solidaire et responsable !<\/p>\n\n\n\n<p>\ud83d\udce7&nbsp;<strong>Rejoignez nous !<\/strong><\/p>\n\n\n\n<p>Vous souhaitez en savoir plus ou rejoindre SOLAAL Pays de la Loire ? Contactez nous\u00a0<a href=\"https:\/\/www.solaal.org\/pays-de-la-loire\/contact\/\">via notre formulaire de contact\u00a0<\/a>ou suivez nous sur nos r\u00e9seaux sociaux pour ne rien manquer de nos actions.<br>\ud83d\udcf1\u00a0<a href=\"https:\/\/www.facebook.com\/SOLAALPaysdelaLoire\">Facebook<\/a><br><a href=\"https:\/\/www.linkedin.com\/company\/solaal-pays-de-la-loire\">LinkedIn<\/a><\/p>\n\n\n\n<p>#SOLAAL #Solidarit\u00e9Alimentaire #PaysDeLaLoire #AgricultureEngag\u00e9e #Antigaspi #DonAgricole<\/p>\n","protected":false},"excerpt":{"rendered":"<p>Nous retrouvons Philippe dans notre s\u00e9rie de donateurs. Il est arboriculteur sur la commune de Lavernat (en Sarthe). Philippe propose chaque ann\u00e9e du glanage solidaire dans ses vergers pour ramasser les fruits tomb\u00e9s au sol. R\u00e9colt\u00e9s rapidement apr\u00e8s la chute ils peuvent \u00eatre consomm\u00e9s, en jus, en tarte ou bien au go\u00fbter ! Le glanage [&hellip;]<\/p>\n","protected":false},"author":16,"featured_media":2436,"comment_status":"closed","ping_status":"closed","sticky":false,"template":"","format":"standard","meta":{"_acf_changed":false,"inline_featured_image":false,"footnotes":""},"categories":[14],"tags":[],"class_list":["post-2390","post","type-post","status-publish","format-standard","has-post-thumbnail","hentry","category-interview"],"acf":[],"_links":{"self":[{"href":"https:\/\/www.solaal.org\/pays-de-la-loire\/wp-json\/wp\/v2\/posts\/2390","targetHints":{"allow":["GET"]}}],"collection":[{"href":"https:\/\/www.solaal.org\/pays-de-la-loire\/wp-json\/wp\/v2\/posts"}],"about":[{"href":"https:\/\/www.solaal.org\/pays-de-la-loire\/wp-json\/wp\/v2\/types\/post"}],"author":[{"embeddable":true,"href":"https:\/\/www.solaal.org\/pays-de-la-loire\/wp-json\/wp\/v2\/users\/16"}],"replies":[{"embeddable":true,"href":"https:\/\/www.solaal.org\/pays-de-la-loire\/wp-json\/wp\/v2\/comments?post=2390"}],"version-history":[{"count":5,"href":"https:\/\/www.solaal.org\/pays-de-la-loire\/wp-json\/wp\/v2\/posts\/2390\/revisions"}],"predecessor-version":[{"id":2404,"href":"https:\/\/www.solaal.org\/pays-de-la-loire\/wp-json\/wp\/v2\/posts\/2390\/revisions\/2404"}],"wp:featuredmedia":[{"embeddable":true,"href":"https:\/\/www.solaal.org\/pays-de-la-loire\/wp-json\/wp\/v2\/media\/2436"}],"wp:attachment":[{"href":"https:\/\/www.solaal.org\/pays-de-la-loire\/wp-json\/wp\/v2\/media?parent=2390"}],"wp:term":[{"taxonomy":"category","embeddable":true,"href":"https:\/\/www.solaal.org\/pays-de-la-loire\/wp-json\/wp\/v2\/categories?post=2390"},{"taxonomy":"post_tag","embeddable":true,"href":"https:\/\/www.solaal.org\/pays-de-la-loire\/wp-json\/wp\/v2\/tags?post=2390"}],"curies":[{"name":"wp","href":"https:\/\/api.w.org\/{rel}","templated":true}]}}