{"id":2343,"date":"2025-02-27T16:49:44","date_gmt":"2025-02-27T15:49:44","guid":{"rendered":"https:\/\/www.solaal.org\/pays-de-la-loire\/?p=2343"},"modified":"2025-02-27T16:49:45","modified_gmt":"2025-02-27T15:49:45","slug":"savez-vous-planter-les-choux","status":"publish","type":"post","link":"https:\/\/www.solaal.org\/pays-de-la-loire\/2025\/02\/27\/savez-vous-planter-les-choux\/","title":{"rendered":"Savez-vous planter les choux ?"},"content":{"rendered":"\n<p>En tout cas chez SOLAAL on sait les glaner ! <\/p>\n\n\n\n<p>Merci \u00e0 Michel MASSE pour l&rsquo;accueil, \u00e0 deux reprises le Jardin de Cocagne Angevin a pu glaner des choux. Ils ont ensuite \u00e9t\u00e9 redistribu\u00e9s dans le cadre du P&rsquo;tit March\u00e9 solidaire. <\/p>\n\n\n\n<p>Retrouvez en images le glanage solidaire : <\/p>\n\n\n\n<figure class=\"wp-block-gallery has-nested-images columns-default is-cropped wp-block-gallery-1 is-layout-flex wp-block-gallery-is-layout-flex\">\n<figure class=\"wp-block-image size-large\"><img loading=\"lazy\" decoding=\"async\" width=\"576\" height=\"1024\" data-id=\"2344\" src=\"https:\/\/www.solaal.org\/pays-de-la-loire\/wp-content\/uploads\/sites\/26\/2025\/02\/Glanage-de-chou-2-576x1024.jpeg\" alt=\"\" class=\"wp-image-2344\" srcset=\"https:\/\/www.solaal.org\/pays-de-la-loire\/wp-content\/uploads\/sites\/26\/2025\/02\/Glanage-de-chou-2-576x1024.jpeg 576w, https:\/\/www.solaal.org\/pays-de-la-loire\/wp-content\/uploads\/sites\/26\/2025\/02\/Glanage-de-chou-2-169x300.jpeg 169w, https:\/\/www.solaal.org\/pays-de-la-loire\/wp-content\/uploads\/sites\/26\/2025\/02\/Glanage-de-chou-2.jpeg 675w\" sizes=\"auto, (max-width: 576px) 100vw, 576px\" \/><\/figure>\n\n\n\n<figure class=\"wp-block-image size-large\"><img loading=\"lazy\" decoding=\"async\" width=\"1024\" height=\"768\" data-id=\"2348\" src=\"https:\/\/www.solaal.org\/pays-de-la-loire\/wp-content\/uploads\/sites\/26\/2025\/02\/1130014-1024x768.jpg\" alt=\"\" class=\"wp-image-2348\" srcset=\"https:\/\/www.solaal.org\/pays-de-la-loire\/wp-content\/uploads\/sites\/26\/2025\/02\/1130014-1024x768.jpg 1024w, https:\/\/www.solaal.org\/pays-de-la-loire\/wp-content\/uploads\/sites\/26\/2025\/02\/1130014-300x225.jpg 300w, https:\/\/www.solaal.org\/pays-de-la-loire\/wp-content\/uploads\/sites\/26\/2025\/02\/1130014-768x576.jpg 768w, https:\/\/www.solaal.org\/pays-de-la-loire\/wp-content\/uploads\/sites\/26\/2025\/02\/1130014.jpg 1200w\" sizes=\"auto, (max-width: 1024px) 100vw, 1024px\" \/><\/figure>\n<\/figure>\n\n\n\n<figure class=\"wp-block-gallery has-nested-images columns-default is-cropped wp-block-gallery-2 is-layout-flex wp-block-gallery-is-layout-flex\">\n<figure class=\"wp-block-image size-large\"><img loading=\"lazy\" decoding=\"async\" width=\"1024\" height=\"768\" data-id=\"2346\" src=\"https:\/\/www.solaal.org\/pays-de-la-loire\/wp-content\/uploads\/sites\/26\/2025\/02\/1130016-1024x768.jpg\" alt=\"\" class=\"wp-image-2346\" srcset=\"https:\/\/www.solaal.org\/pays-de-la-loire\/wp-content\/uploads\/sites\/26\/2025\/02\/1130016-1024x768.jpg 1024w, https:\/\/www.solaal.org\/pays-de-la-loire\/wp-content\/uploads\/sites\/26\/2025\/02\/1130016-300x225.jpg 300w, https:\/\/www.solaal.org\/pays-de-la-loire\/wp-content\/uploads\/sites\/26\/2025\/02\/1130016-768x576.jpg 768w, https:\/\/www.solaal.org\/pays-de-la-loire\/wp-content\/uploads\/sites\/26\/2025\/02\/1130016.jpg 1200w\" sizes=\"auto, (max-width: 1024px) 100vw, 1024px\" \/><\/figure>\n<\/figure>\n\n\n\n<p>Des produits laiss\u00e9s aux champs car vous ne trouvez pas de d\u00e9bouch\u00e9, pensez SOLAAL. On vous aide pour l&rsquo;organisation d&rsquo;un glanage solidaire. C&rsquo;est l&rsquo;occasion de cr\u00e9er du lien avec les personnes accueillies \u00e0 l&rsquo;aide alimentaire et de pr\u00e9senter vos enjeux sur votre entreprise. <a href=\"https:\/\/www.solaal.org\/pays-de-la-loire\/contact\/\">Contactez nous<\/a> !<\/p>\n\n\n\n<p>Suivez nous sur nos r\u00e9seaux sociaux pour suivre toutes nos actualit\u00e9s ! <\/p>\n\n\n\n<p><a href=\"https:\/\/www.facebook.com\/SOLAALPaysdelaLoire\">Facebook<\/a> \/ <a href=\"https:\/\/www.linkedin.com\/company\/solaal-pays-de-la-loire\">LinkedIn<\/a><\/p>\n","protected":false},"excerpt":{"rendered":"<p>En tout cas chez SOLAAL on sait les glaner ! Merci \u00e0 Michel MASSE pour l&rsquo;accueil, \u00e0 deux reprises le Jardin de Cocagne Angevin a pu glaner des choux. Ils ont ensuite \u00e9t\u00e9 redistribu\u00e9s dans le cadre du P&rsquo;tit March\u00e9 solidaire. Retrouvez en images le glanage solidaire : Des produits laiss\u00e9s aux champs car vous [&hellip;]<\/p>\n","protected":false},"author":16,"featured_media":2346,"comment_status":"closed","ping_status":"closed","sticky":false,"template":"","format":"standard","meta":{"_acf_changed":false,"inline_featured_image":false,"footnotes":""},"categories":[16],"tags":[],"class_list":["post-2343","post","type-post","status-publish","format-standard","has-post-thumbnail","hentry","category-actions-solidaires"],"acf":[],"_links":{"self":[{"href":"https:\/\/www.solaal.org\/pays-de-la-loire\/wp-json\/wp\/v2\/posts\/2343","targetHints":{"allow":["GET"]}}],"collection":[{"href":"https:\/\/www.solaal.org\/pays-de-la-loire\/wp-json\/wp\/v2\/posts"}],"about":[{"href":"https:\/\/www.solaal.org\/pays-de-la-loire\/wp-json\/wp\/v2\/types\/post"}],"author":[{"embeddable":true,"href":"https:\/\/www.solaal.org\/pays-de-la-loire\/wp-json\/wp\/v2\/users\/16"}],"replies":[{"embeddable":true,"href":"https:\/\/www.solaal.org\/pays-de-la-loire\/wp-json\/wp\/v2\/comments?post=2343"}],"version-history":[{"count":2,"href":"https:\/\/www.solaal.org\/pays-de-la-loire\/wp-json\/wp\/v2\/posts\/2343\/revisions"}],"predecessor-version":[{"id":2349,"href":"https:\/\/www.solaal.org\/pays-de-la-loire\/wp-json\/wp\/v2\/posts\/2343\/revisions\/2349"}],"wp:featuredmedia":[{"embeddable":true,"href":"https:\/\/www.solaal.org\/pays-de-la-loire\/wp-json\/wp\/v2\/media\/2346"}],"wp:attachment":[{"href":"https:\/\/www.solaal.org\/pays-de-la-loire\/wp-json\/wp\/v2\/media?parent=2343"}],"wp:term":[{"taxonomy":"category","embeddable":true,"href":"https:\/\/www.solaal.org\/pays-de-la-loire\/wp-json\/wp\/v2\/categories?post=2343"},{"taxonomy":"post_tag","embeddable":true,"href":"https:\/\/www.solaal.org\/pays-de-la-loire\/wp-json\/wp\/v2\/tags?post=2343"}],"curies":[{"name":"wp","href":"https:\/\/api.w.org\/{rel}","templated":true}]}}