{"id":2245,"date":"2024-09-18T15:24:51","date_gmt":"2024-09-18T13:24:51","guid":{"rendered":"https:\/\/www.solaal.org\/pays-de-la-loire\/?p=2245"},"modified":"2024-09-18T15:47:05","modified_gmt":"2024-09-18T13:47:05","slug":"les-poires-au-gout-de-la-solidarite","status":"publish","type":"post","link":"https:\/\/www.solaal.org\/pays-de-la-loire\/2024\/09\/18\/les-poires-au-gout-de-la-solidarite\/","title":{"rendered":"Les poires au go\u00fbt de la solidarit\u00e9"},"content":{"rendered":"\n<p>Mi-septembre les vergers du grand clos ont ouvert leurs portes pour permettre un glanage solidaire de poires. Le Jardin de Cocagne est venu glaner les poires pour les proposer \u00e0 l&rsquo;aide alimentaire ensuite. <\/p>\n\n\n\n<p>Retrouvez en images cette journ\u00e9e de solidarit\u00e9 organis\u00e9e sur les Vergers de Guylaine LAVAL. <\/p>\n\n\n\n<figure class=\"wp-block-gallery has-nested-images columns-default is-cropped wp-block-gallery-1 is-layout-flex wp-block-gallery-is-layout-flex\">\n<figure class=\"wp-block-image size-large\"><img loading=\"lazy\" decoding=\"async\" width=\"1024\" height=\"576\" data-id=\"2246\" src=\"https:\/\/www.solaal.org\/pays-de-la-loire\/wp-content\/uploads\/sites\/26\/2024\/09\/PXL_20240916_122027786-1024x576.jpg\" alt=\"\" class=\"wp-image-2246\" srcset=\"https:\/\/www.solaal.org\/pays-de-la-loire\/wp-content\/uploads\/sites\/26\/2024\/09\/PXL_20240916_122027786-1024x576.jpg 1024w, https:\/\/www.solaal.org\/pays-de-la-loire\/wp-content\/uploads\/sites\/26\/2024\/09\/PXL_20240916_122027786-300x169.jpg 300w, https:\/\/www.solaal.org\/pays-de-la-loire\/wp-content\/uploads\/sites\/26\/2024\/09\/PXL_20240916_122027786-768x432.jpg 768w, https:\/\/www.solaal.org\/pays-de-la-loire\/wp-content\/uploads\/sites\/26\/2024\/09\/PXL_20240916_122027786.jpg 1200w\" sizes=\"auto, (max-width: 1024px) 100vw, 1024px\" \/><\/figure>\n\n\n\n<figure class=\"wp-block-image size-large\"><img loading=\"lazy\" decoding=\"async\" width=\"576\" height=\"1024\" data-id=\"2247\" src=\"https:\/\/www.solaal.org\/pays-de-la-loire\/wp-content\/uploads\/sites\/26\/2024\/09\/PXL_20240916_122034733-576x1024.jpg\" alt=\"\" class=\"wp-image-2247\" srcset=\"https:\/\/www.solaal.org\/pays-de-la-loire\/wp-content\/uploads\/sites\/26\/2024\/09\/PXL_20240916_122034733-576x1024.jpg 576w, https:\/\/www.solaal.org\/pays-de-la-loire\/wp-content\/uploads\/sites\/26\/2024\/09\/PXL_20240916_122034733-169x300.jpg 169w, https:\/\/www.solaal.org\/pays-de-la-loire\/wp-content\/uploads\/sites\/26\/2024\/09\/PXL_20240916_122034733.jpg 675w\" sizes=\"auto, (max-width: 576px) 100vw, 576px\" \/><\/figure>\n\n\n\n<figure class=\"wp-block-image size-large\"><img loading=\"lazy\" decoding=\"async\" width=\"576\" height=\"1024\" data-id=\"2248\" src=\"https:\/\/www.solaal.org\/pays-de-la-loire\/wp-content\/uploads\/sites\/26\/2024\/09\/PXL_20240916_122119818-576x1024.jpg\" alt=\"\" class=\"wp-image-2248\" srcset=\"https:\/\/www.solaal.org\/pays-de-la-loire\/wp-content\/uploads\/sites\/26\/2024\/09\/PXL_20240916_122119818-576x1024.jpg 576w, https:\/\/www.solaal.org\/pays-de-la-loire\/wp-content\/uploads\/sites\/26\/2024\/09\/PXL_20240916_122119818-169x300.jpg 169w, https:\/\/www.solaal.org\/pays-de-la-loire\/wp-content\/uploads\/sites\/26\/2024\/09\/PXL_20240916_122119818.jpg 675w\" sizes=\"auto, (max-width: 576px) 100vw, 576px\" \/><\/figure>\n<\/figure>\n\n\n\n<p>Un grand merci \u00e0 notre donateur, rendez-vous l&rsquo;ann\u00e9e prochaine !<\/p>\n","protected":false},"excerpt":{"rendered":"<p>Mi-septembre les vergers du grand clos ont ouvert leurs portes pour permettre un glanage solidaire de poires. Le Jardin de Cocagne est venu glaner les poires pour les proposer \u00e0 l&rsquo;aide alimentaire ensuite. Retrouvez en images cette journ\u00e9e de solidarit\u00e9 organis\u00e9e sur les Vergers de Guylaine LAVAL. Un grand merci \u00e0 notre donateur, rendez-vous l&rsquo;ann\u00e9e [&hellip;]<\/p>\n","protected":false},"author":16,"featured_media":2262,"comment_status":"closed","ping_status":"closed","sticky":false,"template":"","format":"standard","meta":{"_acf_changed":false,"inline_featured_image":false,"footnotes":""},"categories":[16],"tags":[],"class_list":["post-2245","post","type-post","status-publish","format-standard","has-post-thumbnail","hentry","category-actions-solidaires"],"acf":[],"_links":{"self":[{"href":"https:\/\/www.solaal.org\/pays-de-la-loire\/wp-json\/wp\/v2\/posts\/2245","targetHints":{"allow":["GET"]}}],"collection":[{"href":"https:\/\/www.solaal.org\/pays-de-la-loire\/wp-json\/wp\/v2\/posts"}],"about":[{"href":"https:\/\/www.solaal.org\/pays-de-la-loire\/wp-json\/wp\/v2\/types\/post"}],"author":[{"embeddable":true,"href":"https:\/\/www.solaal.org\/pays-de-la-loire\/wp-json\/wp\/v2\/users\/16"}],"replies":[{"embeddable":true,"href":"https:\/\/www.solaal.org\/pays-de-la-loire\/wp-json\/wp\/v2\/comments?post=2245"}],"version-history":[{"count":1,"href":"https:\/\/www.solaal.org\/pays-de-la-loire\/wp-json\/wp\/v2\/posts\/2245\/revisions"}],"predecessor-version":[{"id":2249,"href":"https:\/\/www.solaal.org\/pays-de-la-loire\/wp-json\/wp\/v2\/posts\/2245\/revisions\/2249"}],"wp:featuredmedia":[{"embeddable":true,"href":"https:\/\/www.solaal.org\/pays-de-la-loire\/wp-json\/wp\/v2\/media\/2262"}],"wp:attachment":[{"href":"https:\/\/www.solaal.org\/pays-de-la-loire\/wp-json\/wp\/v2\/media?parent=2245"}],"wp:term":[{"taxonomy":"category","embeddable":true,"href":"https:\/\/www.solaal.org\/pays-de-la-loire\/wp-json\/wp\/v2\/categories?post=2245"},{"taxonomy":"post_tag","embeddable":true,"href":"https:\/\/www.solaal.org\/pays-de-la-loire\/wp-json\/wp\/v2\/tags?post=2245"}],"curies":[{"name":"wp","href":"https:\/\/api.w.org\/{rel}","templated":true}]}}