{"id":2193,"date":"2024-05-02T09:04:53","date_gmt":"2024-05-02T07:04:53","guid":{"rendered":"https:\/\/www.solaal.org\/?p=14052"},"modified":"2024-05-02T09:58:48","modified_gmt":"2024-05-02T07:58:48","slug":"mois-du-don-a-angers-avec-solaal-pays-de-la-loire","status":"publish","type":"post","link":"https:\/\/www.solaal.org\/pays-de-la-loire\/2024\/05\/02\/mois-du-don-a-angers-avec-solaal-pays-de-la-loire\/","title":{"rendered":"Mois du don \u00e0 Angers avec SOLAAL Pays de la Loire"},"content":{"rendered":"\n<p>Dans le cadre du Mois du don, port\u00e9 par la Jeune Chambre \u00e9conomique d\u2019Angers, SOLAAL Pays de la Loire a donn\u00e9 rendez-vous chez l\u2019un de ses donateurs \u00e0 Sainte-Gemmes-sur-Loire (49) le 30 avril. Ce fut l\u2019opportunit\u00e9 de rassembler membres, partenaires et \u00e9lus sur une exploitation agricole.<\/p>\n\n\n\n<h3 class=\"wp-block-heading\">Des partenariats solidaires contre la pr\u00e9carit\u00e9 alimentaire<\/h3>\n\n\n\n<p>Mme Patricia MAUSSION, conseill\u00e8re r\u00e9gionale et membre de la <strong>Commission \u00ab&nbsp;Agriculture, agroalimentaire, for\u00eat, p\u00eache&nbsp;\u00bb<\/strong> \u00e9tait pr\u00e9sente pour rappeler la d\u00e9marche de solidarit\u00e9 et de la pr\u00e9carit\u00e9 alimentaire dans le cadre de <strong>\u00ab&nbsp;Pays de la Loire&nbsp;: Ma R\u00e9gion anti-gaspi&nbsp;\u00bb<\/strong>. La charte sign\u00e9e en 2023 vise \u00e0 favoriser les projets d\u2019aide alimentaire et de lutte contre le gaspillage alimentaire sur le territoire lig\u00e9rien au profit des plus d\u00e9munis.<\/p>\n\n\n\n<h3 class=\"wp-block-heading\">Des donateurs fid\u00e8les <\/h3>\n\n\n\n<p>Ce rassemblement a permis de mettre en avant un t\u00e9moignage d\u2019un de nos donateurs. Patrice LAMBALLE est producteur depuis 10 ans sur une exploitation en maraichage Biologique sur la commune de Sainte-Gemmes-Sur-Loire (Maine-et-Loire). Depuis 2020, SOLAAL Pays de la Loire g\u00e8re ses dons sur l&rsquo;exploitation de mani\u00e8re hebdomadaire. L\u2019EARL Rochelles fait \u00e9galement partie de Bio Loire Oc\u00e9an ou SOLAAL Pays de la Loire assure les dons dans le cadre des refus d\u2019agr\u00e9age. <strong>En 2024, ce producteur a d\u00e9j\u00e0 r\u00e9alis\u00e9 23 dons, soit l\u2019\u00e9quivalent de 2&nbsp;546 repas \u00e0 destination des associations d\u2019aide alimentaire.<\/strong><\/p>\n\n\n\n<blockquote class=\"wp-block-quote is-layout-flow wp-block-quote-is-layout-flow\">\n<p>Avant, je faisais des dons en direct avec les associations. Et maintenant, je passe par SOLAAL pour la coordination avec les associations, c&rsquo;est plus simple.<\/p>\n<cite>Patrice LAMBALA, producteur<\/cite><\/blockquote>\n\n\n\n<div class=\"wp-block-columns is-layout-flex wp-container-core-columns-is-layout-9d6595d7 wp-block-columns-is-layout-flex\">\n<div class=\"wp-block-column is-layout-flow wp-block-column-is-layout-flow\">\n<figure class=\"wp-block-image size-full is-resized\"><img decoding=\"async\" src=\"https:\/\/www.solaal.org\/wp-content\/uploads\/2024\/05\/20240430_141146-2.jpg\" alt=\"\" class=\"wp-image-14064\" style=\"width:416px;height:auto\" \/><\/figure>\n\n\n\n<p>Accueil des partenaires, associations d&rsquo;aide alimentaire et \u00e9lus pour un point d&rsquo;actualit\u00e9s de SOLAAL Pays de la Loire<\/p>\n<\/div>\n\n\n\n<div class=\"wp-block-column is-layout-flow wp-block-column-is-layout-flow\">\n<figure class=\"wp-block-image size-full\"><img decoding=\"async\" src=\"https:\/\/www.solaal.org\/wp-content\/uploads\/2024\/05\/1000003063-2.jpg\" alt=\"\" class=\"wp-image-14065\" \/><\/figure>\n\n\n\n<p>Visite des parcelles de l&rsquo;EARL Rochelles<\/p>\n<\/div>\n<\/div>\n\n\n\n<div class=\"wp-block-columns is-layout-flex wp-container-core-columns-is-layout-9d6595d7 wp-block-columns-is-layout-flex\">\n<div class=\"wp-block-column is-layout-flow wp-block-column-is-layout-flow\">\n<figure class=\"wp-block-image size-full\"><img decoding=\"async\" src=\"https:\/\/www.solaal.org\/wp-content\/uploads\/2024\/05\/20240430_150923-1.jpg\" alt=\"\" class=\"wp-image-14061\" \/><\/figure>\n\n\n\n<p>T\u00e9moignage de Patrice LAMBALLE mara\u00eecher bio depuis 10 ans et donateur via SOLAAL depuis 2020<\/p>\n<\/div>\n\n\n\n<div class=\"wp-block-column is-layout-flow wp-block-column-is-layout-flow\">\n<figure class=\"wp-block-image size-full\"><img decoding=\"async\" src=\"https:\/\/www.solaal.org\/wp-content\/uploads\/2024\/05\/1000003072-1.jpg\" alt=\"\" class=\"wp-image-14063\" \/><\/figure>\n\n\n\n<p>Visite de l&rsquo;exploitation agricoles EARL Rochelles et de la partie p\u00e9pini\u00e8re<\/p>\n<\/div>\n<\/div>\n\n\n","protected":false},"excerpt":{"rendered":"<p>Dans le cadre du Mois du don, port\u00e9 par la Jeune Chambre \u00e9conomique d\u2019Angers, SOLAAL Pays de la Loire a donn\u00e9 rendez-vous chez l\u2019un de ses donateurs \u00e0 Sainte-Gemmes-sur-Loire (49) le 30 avril. Ce fut l\u2019opportunit\u00e9 de rassembler membres, partenaires et \u00e9lus sur une exploitation agricole. Des partenariats solidaires contre la pr\u00e9carit\u00e9 alimentaire Mme Patricia [&hellip;]<\/p>\n","protected":false},"author":2,"featured_media":2194,"comment_status":"closed","ping_status":"closed","sticky":false,"template":"","format":"standard","meta":{"_acf_changed":false,"inline_featured_image":false,"footnotes":""},"categories":[16,17,15,18],"tags":[],"class_list":["post-2193","post","type-post","status-publish","format-standard","has-post-thumbnail","hentry","category-actions-solidaires","category-antenne-solaal","category-don-agricole","category-evenement"],"acf":[],"_links":{"self":[{"href":"https:\/\/www.solaal.org\/pays-de-la-loire\/wp-json\/wp\/v2\/posts\/2193","targetHints":{"allow":["GET"]}}],"collection":[{"href":"https:\/\/www.solaal.org\/pays-de-la-loire\/wp-json\/wp\/v2\/posts"}],"about":[{"href":"https:\/\/www.solaal.org\/pays-de-la-loire\/wp-json\/wp\/v2\/types\/post"}],"author":[{"embeddable":true,"href":"https:\/\/www.solaal.org\/pays-de-la-loire\/wp-json\/wp\/v2\/users\/2"}],"replies":[{"embeddable":true,"href":"https:\/\/www.solaal.org\/pays-de-la-loire\/wp-json\/wp\/v2\/comments?post=2193"}],"version-history":[{"count":0,"href":"https:\/\/www.solaal.org\/pays-de-la-loire\/wp-json\/wp\/v2\/posts\/2193\/revisions"}],"wp:featuredmedia":[{"embeddable":true,"href":"https:\/\/www.solaal.org\/pays-de-la-loire\/wp-json\/wp\/v2\/media\/2194"}],"wp:attachment":[{"href":"https:\/\/www.solaal.org\/pays-de-la-loire\/wp-json\/wp\/v2\/media?parent=2193"}],"wp:term":[{"taxonomy":"category","embeddable":true,"href":"https:\/\/www.solaal.org\/pays-de-la-loire\/wp-json\/wp\/v2\/categories?post=2193"},{"taxonomy":"post_tag","embeddable":true,"href":"https:\/\/www.solaal.org\/pays-de-la-loire\/wp-json\/wp\/v2\/tags?post=2193"}],"curies":[{"name":"wp","href":"https:\/\/api.w.org\/{rel}","templated":true}]}}