{"id":2119,"date":"2023-12-07T16:45:25","date_gmt":"2023-12-07T15:45:25","guid":{"rendered":"https:\/\/www.solaal.org\/pays-de-la-loire\/?p=2119"},"modified":"2023-12-07T17:52:27","modified_gmt":"2023-12-07T16:52:27","slug":"retour-sur-le-seminaire-de-solaal","status":"publish","type":"post","link":"https:\/\/www.solaal.org\/pays-de-la-loire\/2023\/12\/07\/retour-sur-le-seminaire-de-solaal\/","title":{"rendered":"Retour sur le s\u00e9minaire de SOLAAL"},"content":{"rendered":"\n<p>Chaque ann\u00e9e le r\u00e9seau SOLAAL organise un s\u00e9minaire avec l&rsquo;ensemble de ses antennes. Ce temps d&rsquo;\u00e9changes a pour but de partager les exp\u00e9riences des antennes r\u00e9gionales, les orientations du r\u00e9seau pour r\u00e9pondre toujours au mieux aux besoins des agriculteurs et des associations d&rsquo;aide alimentaire.<\/p>\n\n\n\n<h2 class=\"wp-block-heading\">Un temps d&rsquo;\u00e9changes riche<\/h2>\n\n\n\n<p>Deux jours de s\u00e9minaire ont rythm\u00e9 notre rencontre du r\u00e9seau. Plusieurs sujets ont pu \u00eatre abord\u00e9s sur la gestion des dons, les perspectives d&rsquo;approche aupr\u00e8s des agriculteurs, la pr\u00e9paration du salon de l&rsquo;agriculture. <\/p>\n\n\n\n<figure class=\"wp-block-gallery has-nested-images columns-default is-cropped wp-block-gallery-1 is-layout-flex wp-block-gallery-is-layout-flex\">\n<figure class=\"wp-block-image size-large\"><img loading=\"lazy\" decoding=\"async\" width=\"1024\" height=\"768\" data-id=\"2120\" src=\"https:\/\/www.solaal.org\/pays-de-la-loire\/wp-content\/uploads\/sites\/26\/2023\/12\/20231201_085817-1024x768.jpg\" alt=\"\" class=\"wp-image-2120\" srcset=\"https:\/\/www.solaal.org\/pays-de-la-loire\/wp-content\/uploads\/sites\/26\/2023\/12\/20231201_085817-1024x768.jpg 1024w, https:\/\/www.solaal.org\/pays-de-la-loire\/wp-content\/uploads\/sites\/26\/2023\/12\/20231201_085817-300x225.jpg 300w, https:\/\/www.solaal.org\/pays-de-la-loire\/wp-content\/uploads\/sites\/26\/2023\/12\/20231201_085817-768x576.jpg 768w, https:\/\/www.solaal.org\/pays-de-la-loire\/wp-content\/uploads\/sites\/26\/2023\/12\/20231201_085817.jpg 1200w\" sizes=\"auto, (max-width: 1024px) 100vw, 1024px\" \/><\/figure>\n\n\n\n<figure class=\"wp-block-image size-large\"><img loading=\"lazy\" decoding=\"async\" width=\"1024\" height=\"768\" data-id=\"2122\" src=\"https:\/\/www.solaal.org\/pays-de-la-loire\/wp-content\/uploads\/sites\/26\/2023\/12\/20231201_090318-1-1024x768.jpg\" alt=\"\" class=\"wp-image-2122\" srcset=\"https:\/\/www.solaal.org\/pays-de-la-loire\/wp-content\/uploads\/sites\/26\/2023\/12\/20231201_090318-1-1024x768.jpg 1024w, https:\/\/www.solaal.org\/pays-de-la-loire\/wp-content\/uploads\/sites\/26\/2023\/12\/20231201_090318-1-300x225.jpg 300w, https:\/\/www.solaal.org\/pays-de-la-loire\/wp-content\/uploads\/sites\/26\/2023\/12\/20231201_090318-1-768x576.jpg 768w, https:\/\/www.solaal.org\/pays-de-la-loire\/wp-content\/uploads\/sites\/26\/2023\/12\/20231201_090318-1.jpg 1200w\" sizes=\"auto, (max-width: 1024px) 100vw, 1024px\" \/><\/figure>\n\n\n\n<figure class=\"wp-block-image size-large\"><img loading=\"lazy\" decoding=\"async\" width=\"1024\" height=\"768\" data-id=\"2121\" src=\"https:\/\/www.solaal.org\/pays-de-la-loire\/wp-content\/uploads\/sites\/26\/2023\/12\/20231201_100031-1024x768.jpg\" alt=\"\" class=\"wp-image-2121\" srcset=\"https:\/\/www.solaal.org\/pays-de-la-loire\/wp-content\/uploads\/sites\/26\/2023\/12\/20231201_100031-1024x768.jpg 1024w, https:\/\/www.solaal.org\/pays-de-la-loire\/wp-content\/uploads\/sites\/26\/2023\/12\/20231201_100031-300x225.jpg 300w, https:\/\/www.solaal.org\/pays-de-la-loire\/wp-content\/uploads\/sites\/26\/2023\/12\/20231201_100031-768x576.jpg 768w, https:\/\/www.solaal.org\/pays-de-la-loire\/wp-content\/uploads\/sites\/26\/2023\/12\/20231201_100031.jpg 1200w\" sizes=\"auto, (max-width: 1024px) 100vw, 1024px\" \/><\/figure>\n<\/figure>\n\n\n\n<h2 class=\"wp-block-heading\">Temps convivial<\/h2>\n\n\n\n<p>Afin de contribuer \u00e0 la coh\u00e9sion d&rsquo;\u00e9quipe, nous avons pu faire une visite du domaine Delaunay pour une pr\u00e9sentation de l&rsquo;entreprise et une d\u00e9gustation de produits locaux. Nous avons poursuivi notre soir\u00e9e par un repas au restaurant de l&rsquo;Auberge de la Loire. Le Conseil d&rsquo;administration de SOLAAL Pays de la Loire a pu participer \u00e0 ce temps d&rsquo;\u00e9changes pour d\u00e9couvrir la dynamique nationale de SOLAAL. Ce f\u00fbt l&rsquo;occasion de remercier nos deux partenaires qui nous ont soutenu pour la tenue de ce s\u00e9minaire, Groupama Loire Bretagne et le Cr\u00e9dit Agricole Anjou Maine.<\/p>\n\n\n\n<figure class=\"wp-block-gallery has-nested-images columns-default is-cropped wp-block-gallery-2 is-layout-flex wp-block-gallery-is-layout-flex\">\n<figure class=\"wp-block-image size-large\"><img loading=\"lazy\" decoding=\"async\" width=\"1024\" height=\"768\" data-id=\"2123\" src=\"https:\/\/www.solaal.org\/pays-de-la-loire\/wp-content\/uploads\/sites\/26\/2023\/12\/20231130_182351-1024x768.jpg\" alt=\"\" class=\"wp-image-2123\" srcset=\"https:\/\/www.solaal.org\/pays-de-la-loire\/wp-content\/uploads\/sites\/26\/2023\/12\/20231130_182351-1024x768.jpg 1024w, https:\/\/www.solaal.org\/pays-de-la-loire\/wp-content\/uploads\/sites\/26\/2023\/12\/20231130_182351-300x225.jpg 300w, https:\/\/www.solaal.org\/pays-de-la-loire\/wp-content\/uploads\/sites\/26\/2023\/12\/20231130_182351-768x576.jpg 768w, https:\/\/www.solaal.org\/pays-de-la-loire\/wp-content\/uploads\/sites\/26\/2023\/12\/20231130_182351.jpg 1200w\" sizes=\"auto, (max-width: 1024px) 100vw, 1024px\" \/><figcaption class=\"wp-element-caption\">Visite du Domaine Delaunay<\/figcaption><\/figure>\n\n\n\n<figure class=\"wp-block-image size-large\"><img loading=\"lazy\" decoding=\"async\" width=\"768\" height=\"1024\" data-id=\"2124\" src=\"https:\/\/www.solaal.org\/pays-de-la-loire\/wp-content\/uploads\/sites\/26\/2023\/12\/20231130_200653-768x1024.jpg\" alt=\"\" class=\"wp-image-2124\" srcset=\"https:\/\/www.solaal.org\/pays-de-la-loire\/wp-content\/uploads\/sites\/26\/2023\/12\/20231130_200653-768x1024.jpg 768w, https:\/\/www.solaal.org\/pays-de-la-loire\/wp-content\/uploads\/sites\/26\/2023\/12\/20231130_200653-225x300.jpg 225w, https:\/\/www.solaal.org\/pays-de-la-loire\/wp-content\/uploads\/sites\/26\/2023\/12\/20231130_200653.jpg 900w\" sizes=\"auto, (max-width: 768px) 100vw, 768px\" \/><figcaption class=\"wp-element-caption\">J\u00e9r\u00e9mie GUEMAS, Jean-Louis LARDEUX, Olivier LEBERT, Fran\u00e7ois BEAUPERE<\/figcaption><\/figure>\n<\/figure>\n","protected":false},"excerpt":{"rendered":"<p>Chaque ann\u00e9e le r\u00e9seau SOLAAL organise un s\u00e9minaire avec l&rsquo;ensemble de ses antennes. Ce temps d&rsquo;\u00e9changes a pour but de partager les exp\u00e9riences des antennes r\u00e9gionales, les orientations du r\u00e9seau pour r\u00e9pondre toujours au mieux aux besoins des agriculteurs et des associations d&rsquo;aide alimentaire. Un temps d&rsquo;\u00e9changes riche Deux jours de s\u00e9minaire ont rythm\u00e9 notre [&hellip;]<\/p>\n","protected":false},"author":16,"featured_media":0,"comment_status":"open","ping_status":"open","sticky":false,"template":"","format":"standard","meta":{"_acf_changed":false,"inline_featured_image":false,"footnotes":""},"categories":[4],"tags":[],"class_list":["post-2119","post","type-post","status-publish","format-standard","hentry","category-vie-associative"],"acf":[],"_links":{"self":[{"href":"https:\/\/www.solaal.org\/pays-de-la-loire\/wp-json\/wp\/v2\/posts\/2119","targetHints":{"allow":["GET"]}}],"collection":[{"href":"https:\/\/www.solaal.org\/pays-de-la-loire\/wp-json\/wp\/v2\/posts"}],"about":[{"href":"https:\/\/www.solaal.org\/pays-de-la-loire\/wp-json\/wp\/v2\/types\/post"}],"author":[{"embeddable":true,"href":"https:\/\/www.solaal.org\/pays-de-la-loire\/wp-json\/wp\/v2\/users\/16"}],"replies":[{"embeddable":true,"href":"https:\/\/www.solaal.org\/pays-de-la-loire\/wp-json\/wp\/v2\/comments?post=2119"}],"version-history":[{"count":3,"href":"https:\/\/www.solaal.org\/pays-de-la-loire\/wp-json\/wp\/v2\/posts\/2119\/revisions"}],"predecessor-version":[{"id":2131,"href":"https:\/\/www.solaal.org\/pays-de-la-loire\/wp-json\/wp\/v2\/posts\/2119\/revisions\/2131"}],"wp:attachment":[{"href":"https:\/\/www.solaal.org\/pays-de-la-loire\/wp-json\/wp\/v2\/media?parent=2119"}],"wp:term":[{"taxonomy":"category","embeddable":true,"href":"https:\/\/www.solaal.org\/pays-de-la-loire\/wp-json\/wp\/v2\/categories?post=2119"},{"taxonomy":"post_tag","embeddable":true,"href":"https:\/\/www.solaal.org\/pays-de-la-loire\/wp-json\/wp\/v2\/tags?post=2119"}],"curies":[{"name":"wp","href":"https:\/\/api.w.org\/{rel}","templated":true}]}}