{"id":1958,"date":"2023-10-06T14:44:49","date_gmt":"2023-10-06T12:44:49","guid":{"rendered":"https:\/\/www.solaal.org\/pays-de-la-loire\/?p=1958"},"modified":"2024-12-06T16:52:56","modified_gmt":"2024-12-06T15:52:56","slug":"retour-sur-le-space","status":"publish","type":"post","link":"https:\/\/www.solaal.org\/pays-de-la-loire\/2023\/10\/06\/retour-sur-le-space\/","title":{"rendered":"Retour sur le SPACE"},"content":{"rendered":"\n<p>Lors du SPACE cette ann\u00e9e, SOLAAL a organis\u00e9 plusieurs \u00e9v\u00e9nements pour valoriser le don agricole et plus particuli\u00e8rement promouvoir le don de lait. Une \u00e9dition r\u00e9ussie, plac\u00e9e sous le signe de la solidarit\u00e9. <\/p>\n\n\n\n<h2 class=\"wp-block-heading\">Une table ronde autour du don agricole<\/h2>\n\n\n\n<p>Afin de promouvoir le don agricole, SOLAAL a organis\u00e9 une table ronde sur le don agricole. Se fut l&rsquo;occasion de valoriser diff\u00e9rentes fili\u00e8res agricoles. Nous avons fait un focus sur le don de lait, le don d&rsquo;\u0153ufs et le don de viande porcine. <\/p>\n\n\n\n<p><strong><a href=\"https:\/\/youtu.be\/TgFPylexdcw?feature=shared\">Retrouvez la vid\u00e9o<\/a> pour le don de viande porcine <\/strong><\/p>\n\n\n\n<p>Ang\u00e9lique DELAHAYE, Pr\u00e9sidente de SOLAAL est revenue sur le fonctionnement de SOLAAL et invite les entreprises agricoles et des autres secteurs d&rsquo;activit\u00e9 \u00e0 soutenir l&rsquo;activit\u00e9 port\u00e9e par SOLAAL. <\/p>\n\n\n\n<p>Fran\u00e7ois VALY, Pr\u00e9sident de la FNP, quant \u00e0 lui lance un appel \u00e0 ses coll\u00e8gues \u00e9leveurs porcins pour faire des dons de viande. Fran\u00e7ois VALY rappelle aussi qu&rsquo;il est important de reconna\u00eetre et souligner la reconnaissance envers les \u00e9leveurs qui s&rsquo;engagent en donnant leur viande. <\/p>\n\n\n\n<p><strong><a href=\"https:\/\/www.youtube.com\/watch?v=0F0flWI4uUg\">Retrouvez la vid\u00e9o<\/a> pour le don<\/strong> <strong>d&rsquo;\u0153ufs<\/strong> <\/p>\n\n\n\n<p>Eric GELAFF, Pr\u00e9sident de l&rsquo;UGPVB, t\u00e9moigne que la fili\u00e8re \u0153ufs est engag\u00e9e dans le don depuis de nombreuses ann\u00e9es, depuis 2013. <\/p>\n\n\n\n<p>Yves-Marie GAUDET, Pr\u00e9sident du CNPO, affirme que les \u0153ufs repr\u00e9sentent la meilleure prot\u00e9ine animale. Il a soulign\u00e9 que les dons d&rsquo;\u0153ufs r\u00e9alis\u00e9s par les organisations de producteurs sont les m\u00eames \u0153ufs que ceux pr\u00e9sents dans le commerce. Les OP se sont organis\u00e9es pour fournir des conditionnements adapt\u00e9s aux associations d&rsquo;aide alimentaire. <\/p>\n\n\n\n<p><strong><a href=\"https:\/\/youtu.be\/DaxY9hB7d2s?si=5_xy0UA-gU35jSVE\">Retrouvez la vid\u00e9o <\/a>pour le don<\/strong> <strong>de lait <\/strong><\/p>\n\n\n\n<p>Jean-Michel GAC, administrateur au CILOUEST, a rappel\u00e9 que le don est historique dans la fili\u00e8re laiti\u00e8re. Il  est devenu volontaire depuis que la fili\u00e8re a diminu\u00e9 sa production. Le don est r\u00e9alis\u00e9 en fonction des besoins des associations d&rsquo;aide alimentaire. Les laiteries et les coop\u00e9ratives laiti\u00e8res s&rsquo;engagent en plus des \u00e9leveurs pour faire des dons de produits \u00e0 date courte. <\/p>\n\n\n\n<p>Agn\u00e8s TEXIER, ambassadrice de Juste et Vend\u00e9en, a t\u00e9moign\u00e9 sur les valeurs communes entre son association et SOLAAL. 5 valeurs sont au c\u0153ur de l&rsquo;action port\u00e9e par Juste et Vend\u00e9en, Juste et r\u00e9mun\u00e9rateur, Juste et Local, Juste et authentique, Juste et transparent, Juste et respectueux du bien-\u00eatre animal. Lorsque l&rsquo;association a des invendus, les produits sont donn\u00e9s \u00e0 des personnes qui en ont besoin. Pour Agn\u00e8s TEXIER \u00ab\u00a0SOLAAL est une initiative de producteurs, c&rsquo;\u00e9tait logique de passer par eux\u00a0\u00bb.<\/p>\n\n\n\n<h2 class=\"wp-block-heading\">Une tabl\u00e9e solidaire organis\u00e9e \u00e0 l&rsquo;\u00e9cole Ferrandi Paris &#8211; campus de Rennes<\/h2>\n\n\n\n<p>A l&rsquo;occasion des 10 ans de l&rsquo;association SOLAAL, une tabl\u00e9e solidaire a \u00e9t\u00e9 organis\u00e9e dans les locaux de l&rsquo;\u00e9cole Ferrandi Paris &#8211; campus de Rennes. Se fut l&rsquo;opportunit\u00e9 pour le r\u00e9seau de r\u00e9unir les acteurs engag\u00e9s aupr\u00e8s de SOLAAL. Les b\u00e9n\u00e9fices r\u00e9colt\u00e9s durant cette soir\u00e9e permettront d&rsquo;acheter des produits agricoles pour les associations d&rsquo;aide alimentaire. Environ 2000\u20ac ont pu \u00eatre collect\u00e9s. SOLAAL Pays de la Loire remercie chaleureusement La Ferme du Grand Tertre et Biau Verger pour leurs dons d&rsquo;\u0153ufs et de jus de pommes pour cette op\u00e9ration. <\/p>\n\n\n\n<p>Voici un aper\u00e7u de la soir\u00e9e en vid\u00e9o : <\/p>\n\n\n\n<figure class=\"wp-block-embed is-type-video is-provider-youtube wp-block-embed-youtube wp-embed-aspect-16-9 wp-has-aspect-ratio\"><div class=\"wp-block-embed__wrapper\">\n<iframe loading=\"lazy\" title=\"Tabl\u00e9e solidaire - 10 ans de SOLAAL en partenariat avec l&#039;\u00e9cole Ferrandi Paris-Campus de Rennes\" width=\"500\" height=\"281\" src=\"https:\/\/www.youtube.com\/embed\/wY4ylSXmLOs?feature=oembed\" frameborder=\"0\" allow=\"accelerometer; autoplay; clipboard-write; encrypted-media; gyroscope; picture-in-picture; web-share\" referrerpolicy=\"strict-origin-when-cross-origin\" allowfullscreen><\/iframe>\n<\/div><\/figure>\n\n\n\n<h2 class=\"wp-block-heading\">Un appel au don de lait r\u00e9ussi  <\/h2>\n\n\n\n<p>Depuis 3 ans maintenant le SPACE offre l&rsquo;\u00e9quivalent d&rsquo;une journ\u00e9e de production de lait faite durant le salon aux Banques Alimentaires. Cette ann\u00e9e par le concours de financement du Conseil r\u00e9gional de la Bretagne et des Pays de la Loire, les deux autres journ\u00e9es de production ont pu \u00eatre indemnis\u00e9es aupr\u00e8s du SPACE pour \u00eatre donn\u00e9es aux associations d&rsquo;aide alimentaire. Un consortium de laiteries s&rsquo;ajoutent \u00e0 ce don en permettant de financer les co\u00fbts de la transformation et de livraison, nous retrouvons Agrial, Even, Lactalis, Olga, Sill, SODIAAL.<\/p>\n\n\n\n<p>Pour soutenir les associations et mobiliser les \u00e9leveurs laitiers dans cette chaine de solidarit\u00e9, les trois antennes r\u00e9gionales du grand ouest de SOLAAL ont relay\u00e9 un appel au don de lait. Ainsi ce sont 21 000L de lait sous forme de promesses de don de lait qui ont pu \u00eatre r\u00e9colt\u00e9es. Le lait sera donn\u00e9 \u00e0 l&rsquo;association partenaire des laiteries des \u00e9leveurs. La g\u00e9n\u00e9rosit\u00e9 est un des brins d&rsquo;ADN des agriculteurs, au travers de ce don ils ont su nous le t\u00e9moigner et nous les en remercions vivement.<\/p>\n\n\n\n<figure class=\"wp-block-image size-full is-resized\"><img loading=\"lazy\" decoding=\"async\" src=\"https:\/\/www.solaal.org\/pays-de-la-loire\/wp-content\/uploads\/sites\/26\/2023\/10\/Visuel-don-de-lait-VF.png\" alt=\"\" class=\"wp-image-1962\" style=\"width:840px;height:704px\" width=\"840\" height=\"704\" srcset=\"https:\/\/www.solaal.org\/pays-de-la-loire\/wp-content\/uploads\/sites\/26\/2023\/10\/Visuel-don-de-lait-VF.png 940w, https:\/\/www.solaal.org\/pays-de-la-loire\/wp-content\/uploads\/sites\/26\/2023\/10\/Visuel-don-de-lait-VF-300x251.png 300w, https:\/\/www.solaal.org\/pays-de-la-loire\/wp-content\/uploads\/sites\/26\/2023\/10\/Visuel-don-de-lait-VF-768x644.png 768w\" sizes=\"auto, (max-width: 840px) 100vw, 840px\" \/><\/figure>\n","protected":false},"excerpt":{"rendered":"<p>Lors du SPACE cette ann\u00e9e, SOLAAL a organis\u00e9 plusieurs \u00e9v\u00e9nements pour valoriser le don agricole et plus particuli\u00e8rement promouvoir le don de lait. Une \u00e9dition r\u00e9ussie, plac\u00e9e sous le signe de la solidarit\u00e9. Une table ronde autour du don agricole Afin de promouvoir le don agricole, SOLAAL a organis\u00e9 une table ronde sur le don [&hellip;]<\/p>\n","protected":false},"author":16,"featured_media":1962,"comment_status":"closed","ping_status":"closed","sticky":false,"template":"","format":"standard","meta":{"_acf_changed":false,"inline_featured_image":false,"footnotes":""},"categories":[6],"tags":[],"class_list":["post-1958","post","type-post","status-publish","format-standard","has-post-thumbnail","hentry","category-salons"],"acf":[],"_links":{"self":[{"href":"https:\/\/www.solaal.org\/pays-de-la-loire\/wp-json\/wp\/v2\/posts\/1958","targetHints":{"allow":["GET"]}}],"collection":[{"href":"https:\/\/www.solaal.org\/pays-de-la-loire\/wp-json\/wp\/v2\/posts"}],"about":[{"href":"https:\/\/www.solaal.org\/pays-de-la-loire\/wp-json\/wp\/v2\/types\/post"}],"author":[{"embeddable":true,"href":"https:\/\/www.solaal.org\/pays-de-la-loire\/wp-json\/wp\/v2\/users\/16"}],"replies":[{"embeddable":true,"href":"https:\/\/www.solaal.org\/pays-de-la-loire\/wp-json\/wp\/v2\/comments?post=1958"}],"version-history":[{"count":6,"href":"https:\/\/www.solaal.org\/pays-de-la-loire\/wp-json\/wp\/v2\/posts\/1958\/revisions"}],"predecessor-version":[{"id":2306,"href":"https:\/\/www.solaal.org\/pays-de-la-loire\/wp-json\/wp\/v2\/posts\/1958\/revisions\/2306"}],"wp:featuredmedia":[{"embeddable":true,"href":"https:\/\/www.solaal.org\/pays-de-la-loire\/wp-json\/wp\/v2\/media\/1962"}],"wp:attachment":[{"href":"https:\/\/www.solaal.org\/pays-de-la-loire\/wp-json\/wp\/v2\/media?parent=1958"}],"wp:term":[{"taxonomy":"category","embeddable":true,"href":"https:\/\/www.solaal.org\/pays-de-la-loire\/wp-json\/wp\/v2\/categories?post=1958"},{"taxonomy":"post_tag","embeddable":true,"href":"https:\/\/www.solaal.org\/pays-de-la-loire\/wp-json\/wp\/v2\/tags?post=1958"}],"curies":[{"name":"wp","href":"https:\/\/api.w.org\/{rel}","templated":true}]}}