{"id":1838,"date":"2023-06-19T15:20:12","date_gmt":"2023-06-19T13:20:12","guid":{"rendered":"https:\/\/www.solaal.org\/pays-de-la-loire\/?p=1838"},"modified":"2025-01-17T13:16:32","modified_gmt":"2025-01-17T12:16:32","slug":"solaal-au-forum-de-laide-alimentaire-du-pays-de-retz","status":"publish","type":"post","link":"https:\/\/www.solaal.org\/pays-de-la-loire\/2023\/06\/19\/solaal-au-forum-de-laide-alimentaire-du-pays-de-retz\/","title":{"rendered":"SOLAAL, au Forum de l&rsquo;aide alimentaire du Pays de Retz"},"content":{"rendered":"\n<p class=\"has-text-align-left\">  Le 16 juin 2023, le projet alimentaire de territoire du Pays de Retz a r\u00e9uni des entreprises, des associations, telles que l&rsquo;association SOLAAL, une quinzaine de partenaires, par exemple la MSA, et des \u00e9lus locaux, \u00e0 Saint-P\u00e8re en Retz. L&rsquo;objectif de cette rencontre \u00e9tait tout d&rsquo;abord de faciliter l&rsquo;interconnaissance entre les associations d&rsquo;aide alimentaire, mais \u00e9galement de former des b\u00e9n\u00e9voles \u00e0 pr\u00e9parer des plats simples et peu co\u00fbteux financi\u00e8rement. <\/p>\n\n\n\n<figure class=\"wp-block-image size-large\"><img loading=\"lazy\" decoding=\"async\" width=\"1024\" height=\"768\" src=\"https:\/\/www.solaal.org\/pays-de-la-loire\/wp-content\/uploads\/sites\/26\/2023\/06\/20230616_143214-1024x768.jpg\" alt=\"\" class=\"wp-image-1839\" srcset=\"https:\/\/www.solaal.org\/pays-de-la-loire\/wp-content\/uploads\/sites\/26\/2023\/06\/20230616_143214-1024x768.jpg 1024w, https:\/\/www.solaal.org\/pays-de-la-loire\/wp-content\/uploads\/sites\/26\/2023\/06\/20230616_143214-300x225.jpg 300w, https:\/\/www.solaal.org\/pays-de-la-loire\/wp-content\/uploads\/sites\/26\/2023\/06\/20230616_143214-768x576.jpg 768w, https:\/\/www.solaal.org\/pays-de-la-loire\/wp-content\/uploads\/sites\/26\/2023\/06\/20230616_143214.jpg 1200w\" sizes=\"auto, (max-width: 1024px) 100vw, 1024px\" \/><figcaption class=\"wp-element-caption\">SOLAAL, pr\u00e9sentant ses actions aux partenaires <\/figcaption><\/figure>\n\n\n\n<p class=\"has-text-align-left\">    Cette journ\u00e9e s&rsquo;est d\u00e9roul\u00e9e en plusieurs \u00e9tapes : tout d&rsquo;abord, deux ateliers de cuisine qui ont rassembl\u00e9 les b\u00e9n\u00e9voles, les associations, les entreprises et des travailleurs sociaux des CCAS environnants (Centres Communaux d&rsquo;Action Sociale). Un forum des partenaires a \u00e9t\u00e9 organis\u00e9 afin de permettre aux associations de partager leurs actions, leurs exp\u00e9riences, leurs outils et leurs ressources. Gilles Daveau, sp\u00e9cialiste de cuisine alternative, est ensuite intervenu lors d&rsquo;une conf\u00e9rence sur  l&rsquo;accessibilit\u00e9 alimentaire pour tous. Puis s&rsquo;est ensuivi un d\u00e9bat sur la mani\u00e8re de mobiliser les personnes accueillies \u00e0 l&rsquo;aide alimentaire afin d&rsquo;am\u00e9liorer leurs comp\u00e9tences en cuisine, tout en les poussant \u00e0 inclure des produits sains dans leur alimentation. Apr\u00e8s ce d\u00e9bat, une d\u00e9gustation partag\u00e9e des plats pr\u00e9par\u00e9s a rassembl\u00e9 toutes les personnes pr\u00e9sentes. <\/p>\n\n\n\n<figure class=\"wp-block-image size-large\"><img loading=\"lazy\" decoding=\"async\" width=\"768\" height=\"1024\" src=\"https:\/\/www.solaal.org\/pays-de-la-loire\/wp-content\/uploads\/sites\/26\/2023\/06\/20230616_174336-1-768x1024.jpg\" alt=\"\" class=\"wp-image-1843\" srcset=\"https:\/\/www.solaal.org\/pays-de-la-loire\/wp-content\/uploads\/sites\/26\/2023\/06\/20230616_174336-1-768x1024.jpg 768w, https:\/\/www.solaal.org\/pays-de-la-loire\/wp-content\/uploads\/sites\/26\/2023\/06\/20230616_174336-1-225x300.jpg 225w, https:\/\/www.solaal.org\/pays-de-la-loire\/wp-content\/uploads\/sites\/26\/2023\/06\/20230616_174336-1-rotated.jpg 900w\" sizes=\"auto, (max-width: 768px) 100vw, 768px\" \/><figcaption class=\"wp-element-caption\">Gilles Daveau, lors de la conf\u00e9rence <\/figcaption><\/figure>\n\n\n\n<p class=\"has-text-align-left\"><br>  Cette journ\u00e9e a donc permis aux associations et aux entreprises d&rsquo;interagir entre elles, et ouvrir de nouvelles perspectives de partenariat. Nous remercions le PAT de nous avoir accueilli et nous avoir permis de valoriser nos actions quotidiennes.<\/p>\n\n\n\n<figure class=\"wp-block-image size-large\"><img loading=\"lazy\" decoding=\"async\" width=\"768\" height=\"1024\" src=\"https:\/\/www.solaal.org\/pays-de-la-loire\/wp-content\/uploads\/sites\/26\/2023\/06\/20230616_185040-1-768x1024.jpg\" alt=\"\" class=\"wp-image-1844\" srcset=\"https:\/\/www.solaal.org\/pays-de-la-loire\/wp-content\/uploads\/sites\/26\/2023\/06\/20230616_185040-1-768x1024.jpg 768w, https:\/\/www.solaal.org\/pays-de-la-loire\/wp-content\/uploads\/sites\/26\/2023\/06\/20230616_185040-1-225x300.jpg 225w, https:\/\/www.solaal.org\/pays-de-la-loire\/wp-content\/uploads\/sites\/26\/2023\/06\/20230616_185040-1-rotated.jpg 900w\" sizes=\"auto, (max-width: 768px) 100vw, 768px\" \/><figcaption class=\"wp-element-caption\">D\u00e9gustation des mets r\u00e9alis\u00e9s par les participants<\/figcaption><\/figure>\n","protected":false},"excerpt":{"rendered":"<p>Le 16 juin 2023, le projet alimentaire de territoire du Pays de Retz a r\u00e9uni des entreprises, des associations, telles que l&rsquo;association SOLAAL, une quinzaine de partenaires, par exemple la MSA, et des \u00e9lus locaux, \u00e0 Saint-P\u00e8re en Retz. L&rsquo;objectif de cette rencontre \u00e9tait tout d&rsquo;abord de faciliter l&rsquo;interconnaissance entre les associations d&rsquo;aide alimentaire, mais [&hellip;]<\/p>\n","protected":false},"author":16,"featured_media":1839,"comment_status":"closed","ping_status":"closed","sticky":false,"template":"","format":"standard","meta":{"_acf_changed":false,"inline_featured_image":false,"footnotes":""},"categories":[5],"tags":[],"class_list":["post-1838","post","type-post","status-publish","format-standard","has-post-thumbnail","hentry","category-action-de-solidarite"],"acf":[],"_links":{"self":[{"href":"https:\/\/www.solaal.org\/pays-de-la-loire\/wp-json\/wp\/v2\/posts\/1838","targetHints":{"allow":["GET"]}}],"collection":[{"href":"https:\/\/www.solaal.org\/pays-de-la-loire\/wp-json\/wp\/v2\/posts"}],"about":[{"href":"https:\/\/www.solaal.org\/pays-de-la-loire\/wp-json\/wp\/v2\/types\/post"}],"author":[{"embeddable":true,"href":"https:\/\/www.solaal.org\/pays-de-la-loire\/wp-json\/wp\/v2\/users\/16"}],"replies":[{"embeddable":true,"href":"https:\/\/www.solaal.org\/pays-de-la-loire\/wp-json\/wp\/v2\/comments?post=1838"}],"version-history":[{"count":5,"href":"https:\/\/www.solaal.org\/pays-de-la-loire\/wp-json\/wp\/v2\/posts\/1838\/revisions"}],"predecessor-version":[{"id":1848,"href":"https:\/\/www.solaal.org\/pays-de-la-loire\/wp-json\/wp\/v2\/posts\/1838\/revisions\/1848"}],"wp:featuredmedia":[{"embeddable":true,"href":"https:\/\/www.solaal.org\/pays-de-la-loire\/wp-json\/wp\/v2\/media\/1839"}],"wp:attachment":[{"href":"https:\/\/www.solaal.org\/pays-de-la-loire\/wp-json\/wp\/v2\/media?parent=1838"}],"wp:term":[{"taxonomy":"category","embeddable":true,"href":"https:\/\/www.solaal.org\/pays-de-la-loire\/wp-json\/wp\/v2\/categories?post=1838"},{"taxonomy":"post_tag","embeddable":true,"href":"https:\/\/www.solaal.org\/pays-de-la-loire\/wp-json\/wp\/v2\/tags?post=1838"}],"curies":[{"name":"wp","href":"https:\/\/api.w.org\/{rel}","templated":true}]}}