{"id":1742,"date":"2023-01-23T16:01:37","date_gmt":"2023-01-23T15:01:37","guid":{"rendered":"https:\/\/www.solaal.org\/pays-de-la-loire\/?p=1742"},"modified":"2023-01-23T16:25:35","modified_gmt":"2023-01-23T15:25:35","slug":"une-edition-2023-tres-satisfaisante","status":"publish","type":"post","link":"https:\/\/www.solaal.org\/pays-de-la-loire\/2023\/01\/23\/une-edition-2023-tres-satisfaisante\/","title":{"rendered":"Une \u00e9dition 2023 tr\u00e8s satisfaisante"},"content":{"rendered":"\n<p>L&rsquo;\u00e9dition 2023 du SIVAL s&rsquo;achevait jeudi 19 janvier avec une grande satisfaction. Le SIVAL a renouvel\u00e9 son partenariat avec SOLAAL Pays de la Loire en nous aidant pour l&rsquo;organisation de la collecte des fruits et l\u00e9gumes mis en avant par les exposants. Ce ne sont pas moins de <mark class=\"has-inline-color has-luminous-vivid-orange-color\">600kg de fruits et l\u00e9gumes<\/mark> qui ont pu \u00eatre revers\u00e9s aupr\u00e8s de la Croix Rouge fran\u00e7aise et du Secours Populaire fran\u00e7ais de Maine-et-Loire. <\/p>\n\n\n\n<figure class=\"wp-block-image size-large\"><img loading=\"lazy\" decoding=\"async\" width=\"768\" height=\"1024\" src=\"https:\/\/www.solaal.org\/pays-de-la-loire\/wp-content\/uploads\/sites\/26\/2023\/01\/20230119_191635-768x1024.jpg\" alt=\"\" class=\"wp-image-1743\" srcset=\"https:\/\/www.solaal.org\/pays-de-la-loire\/wp-content\/uploads\/sites\/26\/2023\/01\/20230119_191635-768x1024.jpg 768w, https:\/\/www.solaal.org\/pays-de-la-loire\/wp-content\/uploads\/sites\/26\/2023\/01\/20230119_191635-225x300.jpg 225w, https:\/\/www.solaal.org\/pays-de-la-loire\/wp-content\/uploads\/sites\/26\/2023\/01\/20230119_191635-rotated.jpg 900w\" sizes=\"auto, (max-width: 768px) 100vw, 768px\" \/><figcaption class=\"wp-element-caption\">Maya, \u00e9tudiante \u00e0 l&rsquo;ESA<\/figcaption><\/figure>\n\n\n\n<p>Divers partenaires ont contribu\u00e9 \u00e0 la r\u00e9ussite de cette collecte : <\/p>\n\n\n\n<ul class=\"wp-block-list\">\n<li>Les \u00e9tudiants de l&rsquo;<strong>ESA<\/strong> et les anciens exploitants de la <strong>FDSEA 49<\/strong> ont r\u00e9cup\u00e9r\u00e9 les produits donn\u00e9s par les exposants \u00e0 travers tout le salon<\/li>\n\n\n\n<li><strong>L\u00e9gumes de France<\/strong> et<strong> Carton Ondul\u00e9 de France<\/strong> ont fourni les conditionnements pour faciliter la distribution par les associations de l&rsquo;aide alimentaire <\/li>\n\n\n\n<li>Le <strong>SIVAL<\/strong> nous accompagne sur la logistique (par la mise \u00e0 disposition de salles et de mat\u00e9riels permettant la collecte) et sur la communication (en relayant l&rsquo;information aupr\u00e8s des exposants)<\/li>\n\n\n\n<li>Les <strong>exposants<\/strong> sans qui la collecte ne pourrait exister, merci aux entreprises qui ont mis \u00e0 profit leurs fruits et l\u00e9gumes <\/li>\n<\/ul>\n\n\n\n<figure class=\"wp-block-image size-large is-resized\"><img loading=\"lazy\" decoding=\"async\" src=\"https:\/\/www.solaal.org\/pays-de-la-loire\/wp-content\/uploads\/sites\/26\/2023\/01\/20230119_185411-1024x768.jpg\" alt=\"\" class=\"wp-image-1744\" width=\"840\" height=\"630\" srcset=\"https:\/\/www.solaal.org\/pays-de-la-loire\/wp-content\/uploads\/sites\/26\/2023\/01\/20230119_185411-1024x768.jpg 1024w, https:\/\/www.solaal.org\/pays-de-la-loire\/wp-content\/uploads\/sites\/26\/2023\/01\/20230119_185411-300x225.jpg 300w, https:\/\/www.solaal.org\/pays-de-la-loire\/wp-content\/uploads\/sites\/26\/2023\/01\/20230119_185411-768x576.jpg 768w, https:\/\/www.solaal.org\/pays-de-la-loire\/wp-content\/uploads\/sites\/26\/2023\/01\/20230119_185411.jpg 1200w\" sizes=\"auto, (max-width: 840px) 100vw, 840px\" \/><figcaption class=\"wp-element-caption\">La superbe \u00e9quipe de b\u00e9n\u00e9voles <\/figcaption><\/figure>\n\n\n\n<section class=\"wp-block-title-c\">\n\t<h2>Le MIN Angers-Vivy acteur dans la pr\u00e9sence de SOLAAL au SIVAL <\/h2>\n<\/section>\n\n\n<p>Le MIN Angers Vivy a accueilli pour la deuxi\u00e8me ann\u00e9e SOLAAL Pays de la Loire sur son stand. Au-del\u00e0 du superbe accueil r\u00e9alis\u00e9 par la SOMINVAL, c&rsquo;est l&rsquo;occasion de construire un partenariat gagnant-gagnant. La SOMINVAL, la soci\u00e9t\u00e9 d&rsquo;exploitation du MIN, a permis \u00e0 SOLAAL de rencontrer de nombreux acteurs locaux, entreprises locales. Notre pr\u00e9sence sur le stand du MIN a permis de valoriser l&rsquo;engagement de notre membre, qui soutient SOLAAL Pays de la Loire depuis ses d\u00e9buts. <\/p>\n\n\n\n<figure class=\"wp-block-image size-large\"><img loading=\"lazy\" decoding=\"async\" width=\"1024\" height=\"768\" src=\"https:\/\/www.solaal.org\/pays-de-la-loire\/wp-content\/uploads\/sites\/26\/2023\/01\/20230118_162305-1024x768.jpg\" alt=\"\" class=\"wp-image-1745\" srcset=\"https:\/\/www.solaal.org\/pays-de-la-loire\/wp-content\/uploads\/sites\/26\/2023\/01\/20230118_162305-1024x768.jpg 1024w, https:\/\/www.solaal.org\/pays-de-la-loire\/wp-content\/uploads\/sites\/26\/2023\/01\/20230118_162305-300x225.jpg 300w, https:\/\/www.solaal.org\/pays-de-la-loire\/wp-content\/uploads\/sites\/26\/2023\/01\/20230118_162305-768x576.jpg 768w, https:\/\/www.solaal.org\/pays-de-la-loire\/wp-content\/uploads\/sites\/26\/2023\/01\/20230118_162305.jpg 1200w\" sizes=\"auto, (max-width: 1024px) 100vw, 1024px\" \/><figcaption class=\"wp-element-caption\">Christophe, Mohamed, Emmanuelle, salari\u00e9s de la SOMINVAL<\/figcaption><\/figure>\n\n\n\n<section class=\"wp-block-title-c\">\n\t<h2>Lancement \u00ab\u00a0Pays de la Loire : ma R\u00e9gion anti-gaspi\u00a0\u00bb<\/h2>\n<\/section>\n\n\n<p>La R\u00e9gion Pays de la Loire a profit\u00e9 de ce salon pour lancer son action \u00ab\u00a0Pays de la Loire : ma R\u00e9gion anti-gaspi\u00a0\u00bb. La R\u00e9gion a, depuis de nombreuses ann\u00e9es, apport\u00e9 son soutien aux acteurs associatifs qui luttent contre la pr\u00e9carit\u00e9 alimentaire. Lors de la crise sanitaire, elle s\u2019est \u00e9galement fortement investie \u00e0 leurs c\u00f4t\u00e9s en mettant en place une cha\u00eene alimentaire solidaire. Ce dispositif 2020 &#8211; 2021 consistait en l\u2019achat de denr\u00e9es alimentaires par la R\u00e9gion et leur redistribution aux 4 grands r\u00e9seaux de l\u2019aide alimentaire (Banque alimentaire, Croix Rouge fran\u00e7aise, Restos du C\u0153ur et Secours Populaire fran\u00e7ais) par l\u2019entremise de l\u2019association SOLAAL. La participation de la R\u00e9gion pour cette op\u00e9ration unique en France (et salu\u00e9e par les acteurs associatifs) s\u2019\u00e9l\u00e8ve \u00e0 1,4 M\u20ac.<br>Forte de cette action, la R\u00e9gion entend \u00e0 pr\u00e9sent consolider sa d\u00e9marche f\u00e9d\u00e9ratrice des initiatives associatives en mati\u00e8re de lutte contre la pr\u00e9carit\u00e9 et le gaspillage alimentaires en lan\u00e7ant la d\u00e9marche     \u00ab Pays de la Loire Ma R\u00e9gion Anti Gaspi \u00bb. Cette d\u00e9marche est la concr\u00e9tisation d\u2019un engagement pris par la collectivit\u00e9 r\u00e9gionale dans le cadre de sa Strat\u00e9gie \u00ab\u00a0Egalit\u00e9, civisme et Engagement\u00a0\u00bb(vot\u00e9e en octobre 2022).<\/p>\n\n\n\n<figure class=\"wp-block-image size-large\"><img loading=\"lazy\" decoding=\"async\" width=\"768\" height=\"1024\" src=\"https:\/\/www.solaal.org\/pays-de-la-loire\/wp-content\/uploads\/sites\/26\/2023\/01\/Credit-photo-conseil-regional-pays-de-la-loire-768x1024.png\" alt=\"\" class=\"wp-image-1746\" srcset=\"https:\/\/www.solaal.org\/pays-de-la-loire\/wp-content\/uploads\/sites\/26\/2023\/01\/Credit-photo-conseil-regional-pays-de-la-loire-768x1024.png 768w, https:\/\/www.solaal.org\/pays-de-la-loire\/wp-content\/uploads\/sites\/26\/2023\/01\/Credit-photo-conseil-regional-pays-de-la-loire-225x300.png 225w, https:\/\/www.solaal.org\/pays-de-la-loire\/wp-content\/uploads\/sites\/26\/2023\/01\/Credit-photo-conseil-regional-pays-de-la-loire.png 900w\" sizes=\"auto, (max-width: 768px) 100vw, 768px\" \/><figcaption class=\"wp-element-caption\"> De gauche \u00e0 droite : Cl\u00e9mentine CHAUVEAU &#8211; SOLAAL, J\u00e9r\u00e9mie GUEMAS &#8211; SOLAAL, Franck BOURASSEAU &#8211; MIN Angers Vivy, Isabelle LEROY -Conseil R\u00e9gional des Pays de la Loire<\/figcaption><\/figure>\n","protected":false},"excerpt":{"rendered":"<p>L&rsquo;\u00e9dition 2023 du SIVAL s&rsquo;achevait jeudi 19 janvier avec une grande satisfaction. Le SIVAL a renouvel\u00e9 son partenariat avec SOLAAL Pays de la Loire en nous aidant pour l&rsquo;organisation de la collecte des fruits et l\u00e9gumes mis en avant par les exposants. Ce ne sont pas moins de 600kg de fruits et l\u00e9gumes qui ont [&hellip;]<\/p>\n","protected":false},"author":16,"featured_media":1754,"comment_status":"open","ping_status":"open","sticky":false,"template":"","format":"standard","meta":{"_acf_changed":false,"inline_featured_image":false,"footnotes":""},"categories":[5,6],"tags":[],"class_list":["post-1742","post","type-post","status-publish","format-standard","has-post-thumbnail","hentry","category-action-de-solidarite","category-salons"],"acf":[],"_links":{"self":[{"href":"https:\/\/www.solaal.org\/pays-de-la-loire\/wp-json\/wp\/v2\/posts\/1742","targetHints":{"allow":["GET"]}}],"collection":[{"href":"https:\/\/www.solaal.org\/pays-de-la-loire\/wp-json\/wp\/v2\/posts"}],"about":[{"href":"https:\/\/www.solaal.org\/pays-de-la-loire\/wp-json\/wp\/v2\/types\/post"}],"author":[{"embeddable":true,"href":"https:\/\/www.solaal.org\/pays-de-la-loire\/wp-json\/wp\/v2\/users\/16"}],"replies":[{"embeddable":true,"href":"https:\/\/www.solaal.org\/pays-de-la-loire\/wp-json\/wp\/v2\/comments?post=1742"}],"version-history":[{"count":7,"href":"https:\/\/www.solaal.org\/pays-de-la-loire\/wp-json\/wp\/v2\/posts\/1742\/revisions"}],"predecessor-version":[{"id":1755,"href":"https:\/\/www.solaal.org\/pays-de-la-loire\/wp-json\/wp\/v2\/posts\/1742\/revisions\/1755"}],"wp:featuredmedia":[{"embeddable":true,"href":"https:\/\/www.solaal.org\/pays-de-la-loire\/wp-json\/wp\/v2\/media\/1754"}],"wp:attachment":[{"href":"https:\/\/www.solaal.org\/pays-de-la-loire\/wp-json\/wp\/v2\/media?parent=1742"}],"wp:term":[{"taxonomy":"category","embeddable":true,"href":"https:\/\/www.solaal.org\/pays-de-la-loire\/wp-json\/wp\/v2\/categories?post=1742"},{"taxonomy":"post_tag","embeddable":true,"href":"https:\/\/www.solaal.org\/pays-de-la-loire\/wp-json\/wp\/v2\/tags?post=1742"}],"curies":[{"name":"wp","href":"https:\/\/api.w.org\/{rel}","templated":true}]}}