{"id":1621,"date":"2022-11-04T14:05:55","date_gmt":"2022-11-04T13:05:55","guid":{"rendered":"https:\/\/www.solaal.org\/pays-de-la-loire\/?p=1621"},"modified":"2023-01-03T10:51:40","modified_gmt":"2023-01-03T09:51:40","slug":"sival-2023","status":"publish","type":"post","link":"https:\/\/www.solaal.org\/pays-de-la-loire\/2022\/11\/04\/sival-2023\/","title":{"rendered":"SIVAL 2023"},"content":{"rendered":"\n<p>Nous sommes ravis de pouvoir vous annoncer que le SIVAL a renouvel\u00e9 son partenariat avec SOLAAL Pays de la Loire cette ann\u00e9e en nous permettant de r\u00e9aliser une collecte des produits expos\u00e9s durant le salon. L&rsquo;ann\u00e9e derni\u00e8re se sont environ 400kg de fruits et l\u00e9gumes qui ont \u00e9t\u00e9 revers\u00e9s au Secours Populaire Fran\u00e7ais de Maine-et-Loire. <\/p>\n\n\n\n<h2 class=\"wp-block-heading\" style=\"font-style:normal;font-weight:300\">Collecte aupr\u00e8s des exposants<\/h2>\n\n\n\n<p>Comme en 2022, le SIVAL propose aux exposants de donner leurs fruits ou l\u00e9gumes mis en avant sur leurs stands. Les produits seront revers\u00e9s \u00e0 une association d&rsquo;aide alimentaire. <br><strong>Comment donner mes produits ?<\/strong><br>Afin de faciliter l&rsquo;organisation des dons, nous vous incitons \u00e0 cr\u00e9er un compte sur notre site internet <mark class=\"has-inline-color has-luminous-vivid-orange-color\">www.dons.solaal.org<\/mark> (accessible sur smartphone). Vous pourrez ensuite d\u00e9clarer votre don en pr\u00e9cisant dans les commentaires que c&rsquo;est dans le cadre du SIVAL. Une \u00e9quipe de b\u00e9n\u00e9voles v\u00eatue de tee-shirt SOLAAL passera jeudi en fin de salon pour r\u00e9cup\u00e9rer vos dons. <br>Vous pouvez aussi passer nous voir directement sur le stand du MIN d&rsquo;Angers-Vivy (Hall D all\u00e9es B-C-stand 242).<\/p>\n\n\n\n<h2 class=\"wp-block-heading\">NOUVEAU cette ann\u00e9e<\/h2>\n\n\n\n<p class=\"has-black-color has-text-color\">Pour l&rsquo;\u00e9dition 2023, nous incitons les producteurs visiteurs \u00e0 rejoindre le mouvement de <mark class=\"has-inline-color has-luminous-vivid-orange-color\">solidarit\u00e9<\/mark> initi\u00e9 par le SIVAL. <br>Les producteurs pourront d\u00e9clarer leurs promesses de don aupr\u00e8s de SOLAAL Pays de la Loire (Stand MIN d&rsquo;Angers-Vivy). Ces promesses de dons peuvent concern\u00e9es des invendus alimentaires ou un don volontaire. <br><strong>Quand seront donn\u00e9es ses promesses de dons ? <\/strong><br>Selon votre production, les produits que vous souhaitez donner ne sont pas forc\u00e9ment disponibles. Lorsque vos fruits ou l\u00e9gumes &#8211; ou tout autre produit alimentaire &#8211; seront disponibles, SOLAAL vous contactera pour organiser le don avec l&rsquo;association partenaire de cette op\u00e9ration de solidarit\u00e9. <br><strong>Est-ce que mon don est d\u00e9ductible des imp\u00f4ts ?<\/strong> <br>Vous avez la possibilit\u00e9 de d\u00e9clarer votre don, jusqu&rsquo;\u00e0 une limite de 0.5% du chiffre d&rsquo;affaires ou de 20000\u20ac.<\/p>\n\n\n\n<div data-wp-interactive=\"core\/file\" class=\"wp-block-file\"><object data-wp-bind--hidden=\"!state.hasPdfPreview\" hidden class=\"wp-block-file__embed\" data=\"https:\/\/www.solaal.org\/pays-de-la-loire\/wp-content\/uploads\/sites\/26\/2023\/01\/Flyer_visiteurs_SIVAL-2023-VF.pdf\" type=\"application\/pdf\" style=\"width:100%;height:600px\" aria-label=\"Contenu embarqu\u00e9 Flyer_visiteurs_SIVAL-2023-VF.\"><\/object><a id=\"wp-block-file--media-6c5d453e-4919-49d7-92a3-343bb46ce0f5\" href=\"https:\/\/www.solaal.org\/pays-de-la-loire\/wp-content\/uploads\/sites\/26\/2023\/01\/Flyer_visiteurs_SIVAL-2023-VF.pdf\">Flyer_visiteurs_SIVAL-2023-VF<\/a><a href=\"https:\/\/www.solaal.org\/pays-de-la-loire\/wp-content\/uploads\/sites\/26\/2023\/01\/Flyer_visiteurs_SIVAL-2023-VF.pdf\" class=\"wp-block-file__button wp-element-button\" download aria-describedby=\"wp-block-file--media-6c5d453e-4919-49d7-92a3-343bb46ce0f5\">T\u00e9l\u00e9charger<\/a><\/div>\n\n\n\n\t<section class=\"contacto-one-block\">\n\t\t<div class=\"contacto-one-block-box wowo fadeInUp\">\n\t\t\t<div class=\"block\">\n\t\t\t\t<div class=\"box\">\n\t\t\t\t\t<div class=\"img bg-img\" style=\"background-image: url(https:\/\/www.solaal.org\/pays-de-la-loire\/wp-content\/uploads\/sites\/26\/2022\/06\/20210924_143709-rotated.jpg);\">\n\t\t\t\t\t<\/div>\n\t\t\t\t\t<div class=\"text\">\n\t\t\t\t\t\t<h3>Cl\u00e9mentine CHAUVEAU<\/h3>\n\t\t\t\t\t\t<h4> Coordinatrice r\u00e9gionale <\/h4>\n\t\t\t\t\t\t\t\t\t\t\t\t\t<a class=\"link\" href=\"mailto:paysdelaloire@solaal.org\" target=\"_self\"><i><\/i>paysdelaloire@solaal.org<\/a><br \/>\n\t\t\t\t\t\t\t\t\t\t\t\t\t\t\t\t\t<\/div>\n\t\t\t\t<\/div>\n\t\t\t<\/div>\n\t\t<\/div>\n\t<\/section>\n\n\n<p><\/p>\n","protected":false},"excerpt":{"rendered":"<p>Nous sommes ravis de pouvoir vous annoncer que le SIVAL a renouvel\u00e9 son partenariat avec SOLAAL Pays de la Loire cette ann\u00e9e en nous permettant de r\u00e9aliser une collecte des produits expos\u00e9s durant le salon. L&rsquo;ann\u00e9e derni\u00e8re se sont environ 400kg de fruits et l\u00e9gumes qui ont \u00e9t\u00e9 revers\u00e9s au Secours Populaire Fran\u00e7ais de Maine-et-Loire. [&hellip;]<\/p>\n","protected":false},"author":16,"featured_media":831,"comment_status":"open","ping_status":"open","sticky":false,"template":"","format":"standard","meta":{"_acf_changed":false,"inline_featured_image":false,"footnotes":""},"categories":[5],"tags":[],"class_list":["post-1621","post","type-post","status-publish","format-standard","has-post-thumbnail","hentry","category-action-de-solidarite"],"acf":[],"_links":{"self":[{"href":"https:\/\/www.solaal.org\/pays-de-la-loire\/wp-json\/wp\/v2\/posts\/1621","targetHints":{"allow":["GET"]}}],"collection":[{"href":"https:\/\/www.solaal.org\/pays-de-la-loire\/wp-json\/wp\/v2\/posts"}],"about":[{"href":"https:\/\/www.solaal.org\/pays-de-la-loire\/wp-json\/wp\/v2\/types\/post"}],"author":[{"embeddable":true,"href":"https:\/\/www.solaal.org\/pays-de-la-loire\/wp-json\/wp\/v2\/users\/16"}],"replies":[{"embeddable":true,"href":"https:\/\/www.solaal.org\/pays-de-la-loire\/wp-json\/wp\/v2\/comments?post=1621"}],"version-history":[{"count":27,"href":"https:\/\/www.solaal.org\/pays-de-la-loire\/wp-json\/wp\/v2\/posts\/1621\/revisions"}],"predecessor-version":[{"id":1702,"href":"https:\/\/www.solaal.org\/pays-de-la-loire\/wp-json\/wp\/v2\/posts\/1621\/revisions\/1702"}],"wp:featuredmedia":[{"embeddable":true,"href":"https:\/\/www.solaal.org\/pays-de-la-loire\/wp-json\/wp\/v2\/media\/831"}],"wp:attachment":[{"href":"https:\/\/www.solaal.org\/pays-de-la-loire\/wp-json\/wp\/v2\/media?parent=1621"}],"wp:term":[{"taxonomy":"category","embeddable":true,"href":"https:\/\/www.solaal.org\/pays-de-la-loire\/wp-json\/wp\/v2\/categories?post=1621"},{"taxonomy":"post_tag","embeddable":true,"href":"https:\/\/www.solaal.org\/pays-de-la-loire\/wp-json\/wp\/v2\/tags?post=1621"}],"curies":[{"name":"wp","href":"https:\/\/api.w.org\/{rel}","templated":true}]}}