{"id":934,"date":"2024-07-01T13:31:27","date_gmt":"2024-07-01T11:31:27","guid":{"rendered":"https:\/\/www.solaal.org\/?p=14188"},"modified":"2024-07-01T13:31:27","modified_gmt":"2024-07-01T11:31:27","slug":"solaal-occitanie-aux-jnagri2024-avec-le-marche-dinteret-national-de-toulouse","status":"publish","type":"post","link":"https:\/\/www.solaal.org\/occitanie\/2024\/07\/01\/solaal-occitanie-aux-jnagri2024-avec-le-marche-dinteret-national-de-toulouse\/","title":{"rendered":"SOLAAL Occitanie aux #JNAgri2024 avec le March\u00e9 d\u2019int\u00e9r\u00eat National de Toulouse"},"content":{"rendered":"\n<p>Les 8 et 9 juin, le March\u00e9 d\u2019int\u00e9r\u00eat National (MIN) de Toulouse (31)a c\u00e9l\u00e9br\u00e9 ses 60 ans.<\/p>\n\n\n\n<p>Afin de marquer l\u2019\u00e9v\u00e8nement, il a \u00e9t\u00e9 organis\u00e9 une <em>Food Foraine,<\/em> ouverte au grand public pour d\u00e9couvrir le march\u00e9 et des entreprises du secteur de l\u2019alimentation.<\/p>\n\n\n\n<p><strong>Un atelier culinaire pour les b\u00e9n\u00e9ficiaires de l\u2019aide alimentaire<\/strong><\/p>\n\n\n\n<p>Avec de nombreuses activit\u00e9s propos\u00e9es, le public a notamment pu participer \u00e0 des ateliers culinaires, \u00e0 une visite de la ferme p\u00e9dagogique et du grand march\u00e9. Une exposition appel\u00e9e \u00ab&nbsp;les coulisses de ton alimentation&nbsp;\u00bb a \u00e9galement \u00e9t\u00e9 pr\u00e9sent\u00e9e.<\/p>\n\n\n\n<p>Le MIN de Toulouse, en lien avec SOLAAL Occitanie, a invit\u00e9 gratuitement des personnes accueillies de l\u2019association <a href=\"https:\/\/linkee.co\/\">Linkee<\/a> (destin\u00e9e \u00e0 distribuer des produits alimentaires aupr\u00e8s d\u2019\u00e9tudiants) \u00e0 un atelier culinaire organis\u00e9 par <a href=\"https:\/\/www.interfel.com\/\">Interfel<\/a>. Ils ont pu apprendre \u00e0 cuisiner des tartines gourmandes au ch\u00e8vre frais, aux f\u00e8ves et aux abricots.<\/p>\n\n\n\n<p>Cet atelier a \u00e9t\u00e9 tr\u00e8s appr\u00e9ci\u00e9 par les participants qui leur a sembl\u00e9 \u00ab&nbsp;<em>ludique et facile&nbsp;!<\/em>&nbsp;\u00bb<\/p>\n\n\n\n<div class=\"wp-block-columns is-layout-flex wp-container-core-columns-is-layout-9d6595d7 wp-block-columns-is-layout-flex\">\n<div class=\"wp-block-column is-layout-flow wp-block-column-is-layout-flow\"><div class=\"wp-block-image\">\n<figure class=\"aligncenter size-full\"><img decoding=\"async\" src=\"https:\/\/www.solaal.org\/wp-content\/uploads\/2024\/06\/image-2.png\" alt=\"\" class=\"wp-image-14191\" \/><figcaption class=\"wp-element-caption\">Des b\u00e9n\u00e9ficiaires pendant l&rsquo;atelier culinaire<\/figcaption><\/figure>\n<\/div><\/div>\n\n\n\n<div class=\"wp-block-column is-layout-flow wp-block-column-is-layout-flow\"><div class=\"wp-block-image\">\n<figure class=\"aligncenter size-full is-resized\"><img decoding=\"async\" src=\"https:\/\/www.solaal.org\/wp-content\/uploads\/2024\/06\/image-4.png\" alt=\"\" class=\"wp-image-14193\" style=\"width:234px;height:auto\" \/><\/figure>\n<\/div><\/div>\n<\/div>\n\n\n<div class=\"wp-block-image\">\n<figure class=\"aligncenter size-full is-resized\"><img decoding=\"async\" src=\"https:\/\/www.solaal.org\/wp-content\/uploads\/2024\/06\/image-5.png\" alt=\"\" class=\"wp-image-14194\" style=\"width:518px;height:auto\" \/><figcaption class=\"wp-element-caption\">Pr\u00e9sentation des membres du March\u00e9 d&rsquo;Int\u00e9r\u00eat National <br>de Toulouse<\/figcaption><\/figure>\n<\/div>\n\n","protected":false},"excerpt":{"rendered":"<p>Les 8 et 9 juin, le March\u00e9 d\u2019int\u00e9r\u00eat National (MIN) de Toulouse (31)a c\u00e9l\u00e9br\u00e9 ses 60 ans. Afin de marquer l\u2019\u00e9v\u00e8nement, il a \u00e9t\u00e9 organis\u00e9 une Food Foraine, ouverte au grand public pour d\u00e9couvrir le march\u00e9 et des entreprises du secteur de l\u2019alimentation. Un atelier culinaire pour les b\u00e9n\u00e9ficiaires de l\u2019aide alimentaire Avec de nombreuses [&hellip;]<\/p>\n","protected":false},"author":2,"featured_media":935,"comment_status":"closed","ping_status":"closed","sticky":false,"template":"","format":"standard","meta":{"_acf_changed":false,"inline_featured_image":false,"footnotes":""},"categories":[7,9],"tags":[],"class_list":["post-934","post","type-post","status-publish","format-standard","has-post-thumbnail","hentry","category-actions-solidaires","category-evenement"],"acf":[],"_links":{"self":[{"href":"https:\/\/www.solaal.org\/occitanie\/wp-json\/wp\/v2\/posts\/934","targetHints":{"allow":["GET"]}}],"collection":[{"href":"https:\/\/www.solaal.org\/occitanie\/wp-json\/wp\/v2\/posts"}],"about":[{"href":"https:\/\/www.solaal.org\/occitanie\/wp-json\/wp\/v2\/types\/post"}],"author":[{"embeddable":true,"href":"https:\/\/www.solaal.org\/occitanie\/wp-json\/wp\/v2\/users\/2"}],"replies":[{"embeddable":true,"href":"https:\/\/www.solaal.org\/occitanie\/wp-json\/wp\/v2\/comments?post=934"}],"version-history":[{"count":0,"href":"https:\/\/www.solaal.org\/occitanie\/wp-json\/wp\/v2\/posts\/934\/revisions"}],"wp:featuredmedia":[{"embeddable":true,"href":"https:\/\/www.solaal.org\/occitanie\/wp-json\/wp\/v2\/media\/935"}],"wp:attachment":[{"href":"https:\/\/www.solaal.org\/occitanie\/wp-json\/wp\/v2\/media?parent=934"}],"wp:term":[{"taxonomy":"category","embeddable":true,"href":"https:\/\/www.solaal.org\/occitanie\/wp-json\/wp\/v2\/categories?post=934"},{"taxonomy":"post_tag","embeddable":true,"href":"https:\/\/www.solaal.org\/occitanie\/wp-json\/wp\/v2\/tags?post=934"}],"curies":[{"name":"wp","href":"https:\/\/api.w.org\/{rel}","templated":true}]}}