{"id":759,"date":"2023-10-10T14:22:30","date_gmt":"2023-10-10T14:22:30","guid":{"rendered":"https:\/\/www.solaal.org\/normandie\/?p=759"},"modified":"2023-10-10T14:22:31","modified_gmt":"2023-10-10T14:22:31","slug":"tablee-solidaire-en-bretagne-du-champ-a-lassiette","status":"publish","type":"post","link":"https:\/\/www.solaal.org\/normandie\/2023\/10\/10\/tablee-solidaire-en-bretagne-du-champ-a-lassiette\/","title":{"rendered":"Tabl\u00e9e solidaire en Bretagne\u00a0: du champ \u00e0 l\u2019assiette"},"content":{"rendered":"\n<p>A l\u2019occasion des 10 ans de l\u2019association, SOLAAL, en partenariat avec le SPACE et l\u2019\u00e9cole Ferrandi Paris-Campus de Rennes, a organis\u00e9 une tabl\u00e9e solidaire. La participation des convives va permettre l\u2019achat de produits agricoles destin\u00e9s \u00e0 l\u2019aide alimentaire.<\/p>\n\n\n\n<p>Le repas a \u00e9t\u00e9 pr\u00e9par\u00e9 par les \u00e9tudiants de l\u2019\u00e9cole Ferrandi Paris-Campus de Rennes et issu de dons de diff\u00e9rents donateurs r\u00e9gionaux&nbsp;: Biau Verger, CIL Ouest, Interbev Bretagne, La Ferme du Grand Tertre, LEGGO, Metro Cash &amp; Carry (via sa Halle de Rennes) et SOLARENN.<\/p>\n\n\n\n<p>S\u00e9bastien Vallet, Directeur g\u00e9n\u00e9ral de la CCI Ille-et-Vilaine, a exprim\u00e9 sa grande satisfaction de pouvoir accueillir SOLAAL dans les locaux de l\u2019\u00e9cole Ferrandi Paris-Campus de Rennes. L\u2019\u00e9quipe p\u00e9dagogique est tr\u00e8s attach\u00e9e \u00e0 \u00ab&nbsp;<em>transmettre les valeurs de solidarit\u00e9 et de g\u00e9n\u00e9rosit\u00e9 que repr\u00e9sente SOLAAL<\/em>&nbsp;\u00bb.<\/p>\n\n\n\n<p>Cet \u00e9v\u00e9nement a r\u00e9uni de nombreux soutiens des antennes SOLAAL du Grand Ouest. Arnaud L\u00e9cuyer, vice-pr\u00e9sident du Conseil r\u00e9gional de Bretagne, a d\u00e9clar\u00e9 que \u00ab&nbsp;<em>c\u2019est une question de dignit\u00e9 humaine&nbsp;: l\u2019alimentation ne devrait jamais \u00eatre une question d\u2019arbitrage. C\u2019est ce qui a pr\u00e9sid\u00e9 \u00e0 la cr\u00e9ation de SOLAAL \u00bb. <\/em>Lydie&nbsp;Bernard, vice-pr\u00e9sidente du Conseil r\u00e9gional des Pays de la Loire, s\u2019est f\u00e9licit\u00e9e que \u00ab&nbsp;<em>SOLAAL mette l\u2019humain au centre<\/em>&nbsp;\u00bb et a souhait\u00e9 que \u00ab&nbsp;<em>tous les acteurs de l\u2019aide alimentaire<\/em> <em>renforcent leur compl\u00e9mentarit\u00e9 pour une plus grande efficience&nbsp;\u00bb<\/em>. Laurent Kerlir, pr\u00e9sident de la Chambre d\u2019agriculture du Morbihan, a mis en avant l\u2019action de SOLAAL au sein des Projets Alimentaires Territoriaux pour renforcer la mobilisation autour du don agricole. Pascal Cormery, pr\u00e9sident de la CCMSA, a rappel\u00e9<em> \u00ab&nbsp;qu\u2019une partie de la population y compris dans le milieu rural ne mange pas \u00e0 sa faim. Le partenariat entre la MSA et SOLAAL vise \u00e0 p\u00e9renniser les actions solidaires locales&nbsp;\u00bb<\/em>.<\/p>\n\n\n\n<p>\u00ab <em>Cette Tabl\u00e9e solidaire&nbsp;a du sens dans cette r\u00e9gion car le fondateur de SOLAAL, Jean-Michel Lem\u00e9tayer, \u00e9tait breton et rappelait toujours le lien tr\u00e8s fort entre le monde agricole et celui de la gastronomie, tr\u00e8s bien repr\u00e9sent\u00e9 par l\u2019\u00e9cole Ferrandi Paris-Campus de Rennes qui a sublim\u00e9 les produits agricoles \u00bb<\/em> a d\u00e9clar\u00e9 Ang\u00e9lique&nbsp;Delahaye,pr\u00e9sidente de SOLAAL.<\/p>\n\n\n\n<figure class=\"wp-block-embed aligncenter is-type-video is-provider-youtube wp-block-embed-youtube wp-embed-aspect-16-9 wp-has-aspect-ratio\"><div class=\"wp-block-embed__wrapper\">\n<iframe loading=\"lazy\" title=\"Tabl\u00e9e solidaire - 10 ans de SOLAAL en partenariat avec l&#039;\u00e9cole Ferrandi Paris-Campus de Rennes\" width=\"500\" height=\"281\" src=\"https:\/\/www.youtube.com\/embed\/wY4ylSXmLOs?feature=oembed\" frameborder=\"0\" allow=\"accelerometer; autoplay; clipboard-write; encrypted-media; gyroscope; picture-in-picture; web-share\" referrerpolicy=\"strict-origin-when-cross-origin\" allowfullscreen><\/iframe>\n<\/div><\/figure>\n","protected":false},"excerpt":{"rendered":"<p>A l\u2019occasion des 10 ans de l\u2019association, SOLAAL, en partenariat avec le SPACE et l\u2019\u00e9cole Ferrandi Paris-Campus de Rennes, a organis\u00e9 une tabl\u00e9e solidaire. La participation des convives va permettre l\u2019achat de produits agricoles destin\u00e9s \u00e0 l\u2019aide alimentaire. Le repas a \u00e9t\u00e9 pr\u00e9par\u00e9 par les \u00e9tudiants de l\u2019\u00e9cole Ferrandi Paris-Campus de Rennes et issu de [&hellip;]<\/p>\n","protected":false},"author":2,"featured_media":760,"comment_status":"open","ping_status":"open","sticky":false,"template":"","format":"standard","meta":{"_acf_changed":false,"inline_featured_image":false,"footnotes":""},"categories":[1],"tags":[],"class_list":["post-759","post","type-post","status-publish","format-standard","has-post-thumbnail","hentry","category-uncategorised"],"acf":[],"_links":{"self":[{"href":"https:\/\/www.solaal.org\/normandie\/wp-json\/wp\/v2\/posts\/759","targetHints":{"allow":["GET"]}}],"collection":[{"href":"https:\/\/www.solaal.org\/normandie\/wp-json\/wp\/v2\/posts"}],"about":[{"href":"https:\/\/www.solaal.org\/normandie\/wp-json\/wp\/v2\/types\/post"}],"author":[{"embeddable":true,"href":"https:\/\/www.solaal.org\/normandie\/wp-json\/wp\/v2\/users\/2"}],"replies":[{"embeddable":true,"href":"https:\/\/www.solaal.org\/normandie\/wp-json\/wp\/v2\/comments?post=759"}],"version-history":[{"count":1,"href":"https:\/\/www.solaal.org\/normandie\/wp-json\/wp\/v2\/posts\/759\/revisions"}],"predecessor-version":[{"id":761,"href":"https:\/\/www.solaal.org\/normandie\/wp-json\/wp\/v2\/posts\/759\/revisions\/761"}],"wp:featuredmedia":[{"embeddable":true,"href":"https:\/\/www.solaal.org\/normandie\/wp-json\/wp\/v2\/media\/760"}],"wp:attachment":[{"href":"https:\/\/www.solaal.org\/normandie\/wp-json\/wp\/v2\/media?parent=759"}],"wp:term":[{"taxonomy":"category","embeddable":true,"href":"https:\/\/www.solaal.org\/normandie\/wp-json\/wp\/v2\/categories?post=759"},{"taxonomy":"post_tag","embeddable":true,"href":"https:\/\/www.solaal.org\/normandie\/wp-json\/wp\/v2\/tags?post=759"}],"curies":[{"name":"wp","href":"https:\/\/api.w.org\/{rel}","templated":true}]}}