{"id":4088,"date":"2025-03-26T09:59:34","date_gmt":"2025-03-26T08:59:34","guid":{"rendered":"https:\/\/www.solaal.org\/hauts-de-france\/?p=4088"},"modified":"2025-11-13T13:04:14","modified_gmt":"2025-11-13T12:04:14","slug":"un-geste-solidaire-quand-les-endiviers-sengagent-avec-solaal-hauts-de-france","status":"publish","type":"post","link":"https:\/\/www.solaal.org\/hauts-de-france\/2025\/03\/26\/un-geste-solidaire-quand-les-endiviers-sengagent-avec-solaal-hauts-de-france\/","title":{"rendered":"Un geste solidaire\u00a0:                                             quand les endiviers s\u2019engagent avec SOLAAL Hauts-de-France"},"content":{"rendered":"\n<p><strong>En janvier 2025, la solidarit\u00e9 a pris racine en Hauts-de-France gr\u00e2ce \u00e0 une initiative lanc\u00e9e par l\u2019Association des Producteurs d\u2019Endives de France (APEF), en partenariat avec SOLAAL Hauts-de-France et le Secours Populaire Fran\u00e7ais d\u2019Arras<\/strong>.<\/p>\n\n\n\n<div class=\"wp-block-columns is-layout-flex wp-container-core-columns-is-layout-9d6595d7 wp-block-columns-is-layout-flex\">\n<div class=\"wp-block-column is-layout-flow wp-block-column-is-layout-flow\">\n<figure class=\"wp-block-image size-large is-resized\"><img decoding=\"async\" width=\"1024\" height=\"683\" src=\"https:\/\/www.solaal.org\/hauts-de-france\/wp-content\/uploads\/sites\/18\/2025\/03\/25_01_16_-Visite-de-lAPEF-par-Pierre-Varlet_-avec-le-Secours-Populaire-dArras-119-1024x683.jpg\" alt=\"\" class=\"wp-image-4101\" style=\"width:325px;height:auto\" srcset=\"https:\/\/www.solaal.org\/hauts-de-france\/wp-content\/uploads\/sites\/18\/2025\/03\/25_01_16_-Visite-de-lAPEF-par-Pierre-Varlet_-avec-le-Secours-Populaire-dArras-119-1024x683.jpg 1024w, https:\/\/www.solaal.org\/hauts-de-france\/wp-content\/uploads\/sites\/18\/2025\/03\/25_01_16_-Visite-de-lAPEF-par-Pierre-Varlet_-avec-le-Secours-Populaire-dArras-119-300x200.jpg 300w, https:\/\/www.solaal.org\/hauts-de-france\/wp-content\/uploads\/sites\/18\/2025\/03\/25_01_16_-Visite-de-lAPEF-par-Pierre-Varlet_-avec-le-Secours-Populaire-dArras-119-768x512.jpg 768w, https:\/\/www.solaal.org\/hauts-de-france\/wp-content\/uploads\/sites\/18\/2025\/03\/25_01_16_-Visite-de-lAPEF-par-Pierre-Varlet_-avec-le-Secours-Populaire-dArras-119-1536x1024.jpg 1536w, https:\/\/www.solaal.org\/hauts-de-france\/wp-content\/uploads\/sites\/18\/2025\/03\/25_01_16_-Visite-de-lAPEF-par-Pierre-Varlet_-avec-le-Secours-Populaire-dArras-119.jpg 1600w\" sizes=\"(max-width: 1024px) 100vw, 1024px\" \/><\/figure>\n<\/div>\n\n\n\n<div class=\"wp-block-column is-layout-flow wp-block-column-is-layout-flow\">\n<figure class=\"wp-block-image size-large is-resized\"><img decoding=\"async\" width=\"1024\" height=\"683\" src=\"https:\/\/www.solaal.org\/hauts-de-france\/wp-content\/uploads\/sites\/18\/2025\/03\/25_01_16_-Visite-de-lAPEF-par-Pierre-Varlet_-avec-le-Secours-Populaire-dArras-68-1024x683.jpg\" alt=\"\" class=\"wp-image-4102\" style=\"width:325px;height:auto\" srcset=\"https:\/\/www.solaal.org\/hauts-de-france\/wp-content\/uploads\/sites\/18\/2025\/03\/25_01_16_-Visite-de-lAPEF-par-Pierre-Varlet_-avec-le-Secours-Populaire-dArras-68-1024x683.jpg 1024w, https:\/\/www.solaal.org\/hauts-de-france\/wp-content\/uploads\/sites\/18\/2025\/03\/25_01_16_-Visite-de-lAPEF-par-Pierre-Varlet_-avec-le-Secours-Populaire-dArras-68-300x200.jpg 300w, https:\/\/www.solaal.org\/hauts-de-france\/wp-content\/uploads\/sites\/18\/2025\/03\/25_01_16_-Visite-de-lAPEF-par-Pierre-Varlet_-avec-le-Secours-Populaire-dArras-68-768x512.jpg 768w, https:\/\/www.solaal.org\/hauts-de-france\/wp-content\/uploads\/sites\/18\/2025\/03\/25_01_16_-Visite-de-lAPEF-par-Pierre-Varlet_-avec-le-Secours-Populaire-dArras-68-1536x1024.jpg 1536w, https:\/\/www.solaal.org\/hauts-de-france\/wp-content\/uploads\/sites\/18\/2025\/03\/25_01_16_-Visite-de-lAPEF-par-Pierre-Varlet_-avec-le-Secours-Populaire-dArras-68.jpg 1600w\" sizes=\"(max-width: 1024px) 100vw, 1024px\" \/><\/figure>\n<\/div>\n<\/div>\n\n\n\n<h3 class=\"wp-block-heading\"><strong>Des producteurs d\u2019endives engag\u00e9s<\/strong><\/h3>\n\n\n\n<p>Les producteurs d\u2019endives ont fait preuve de solidarit\u00e9 en offrant plusieurs centaines de kilos d\u2019endives fra\u00eeches au Secours Populaire d\u2019Arras. Ce geste permet non seulement d\u2019aider les personnes en situation de pr\u00e9carit\u00e9 alimentaire, mais aussi de mettre en valeur des produits de qualit\u00e9 issus du savoir-faire r\u00e9gional des Hauts-de-France.<\/p>\n\n\n\n<p>Ce don a \u00e9t\u00e9 organis\u00e9 par SOLAAL Hauts-de-France, une association d\u2019int\u00e9r\u00eat g\u00e9n\u00e9ral qui facilite, gratuitement, la mise en relation entre les acteurs agricoles et agroalimentaires et les associations d\u2019aide alimentaire. Elle veille \u00e0 ce que les produits donn\u00e9s soient de qualit\u00e9 et r\u00e9pondent aux besoins des associations locales.<\/p>\n\n\n\n<p>\u00c0 la suite du don, l\u2019association b\u00e9n\u00e9ficiaire d\u00e9livre une attestation au donateur, lui permettant de b\u00e9n\u00e9ficier d\u2019une r\u00e9duction d\u2019imp\u00f4t de 60 % du co\u00fbt de revient du produit donn\u00e9, dans la limite de 20 000 \u20ac ou de 0,5 % du chiffre d\u2019affaires.<\/p>\n\n\n\n<h3 class=\"wp-block-heading\"><strong>Une visite dans le monde de l\u2019endive<\/strong><\/h3>\n\n\n\n<p>Pour prolonger cette initiative solidaire, Pierre Varlet, Directeur de l\u2019APEF a invit\u00e9 des b\u00e9n\u00e9voles ainsi que des personnes accueillies par le Secours populaire d\u2019Arras, \u00e0 visiter la station d\u2019exp\u00e9rimentation de l\u2019APEF et notamment la pr\u00e9sentation du cycle de production de l\u2019endive.<\/p>\n\n\n\n<p>Cette immersion leur a permis de d\u00e9couvrir les coulisses de la production de l\u2019endive, depuis la mise en culture des racines jusqu\u2019\u00e0 la r\u00e9colte, leur offrant ainsi une exp\u00e9rience enrichissante et unique.<\/p>\n\n\n\n<blockquote class=\"wp-block-quote is-layout-flow wp-block-quote-is-layout-flow\">\n<blockquote class=\"wp-block-quote is-layout-flow wp-block-quote-is-layout-flow\">\n<blockquote class=\"wp-block-quote is-layout-flow wp-block-quote-is-layout-flow\">\n<p>\u00ab\u00a0<em>Il est essentiel de collaborer avec SOLAAL afin de mutualiser les actions de l\u2019aide alimentaire. De plus, nous veillons autant que possible \u00e0 impliquer les personnes que nous accueillons dans nos actions<\/em>.\u00a0\u00bb, R\u00e9gis Parmentier, responsable des dons au\u00a0Secours Populaire.<\/p>\n<\/blockquote>\n<\/blockquote>\n<\/blockquote>\n\n\n\n<p>Ce moment d\u2019\u00e9change convivial a contribu\u00e9 \u00e0 renforcer les liens entre le monde agricole et les acteurs associatifs.<\/p>\n\n\n\n<blockquote class=\"wp-block-quote is-layout-flow wp-block-quote-is-layout-flow\">\n<p>\u00ab <em>C\u2019est important pour nous de faire d\u00e9couvrir notre production, encore m\u00e9connue. La relation avec les consommateurs est essentielle. Finalement, le don est cr\u00e9ateur de lien\u00a0! <\/em>\u00bb Pierre Varlet, Directeur de l&rsquo;APEF.<\/p>\n<\/blockquote>\n\n\n\n<h3 class=\"wp-block-heading\"><strong>Le retrait communautaire, une autre fa\u00e7on de donner<\/strong><\/h3>\n\n\n\n<p>Au-del\u00e0 des dons effectu\u00e9s directement sur l\u2019exploitation par le biais de SOLAAL, les organisations de producteurs peuvent \u00e9galement proposer des dons d\u2019endives gr\u00e2ce au dispositif de retrait communautaire.<\/p>\n\n\n\n<p>En cas de difficult\u00e9 \u00e0 \u00e9couler la production, la r\u00e9glementation europ\u00e9enne permet de retirer des fruits et l\u00e9gumes du march\u00e9 avec une compensation financi\u00e8re en cas de don. Dans ce cadre, les producteurs peuvent livrer directement les produits aux associations b\u00e9n\u00e9ficiaires et recevoir une aide financi\u00e8re forfaitaire pour le don, ainsi qu\u2019une indemnit\u00e9 couvrant le conditionnement et le transport.<\/p>\n\n\n\n<p>SOLAAL coordonne la gestion de ces dons, garantissant une distribution optimis\u00e9e et une meilleure tra\u00e7abilit\u00e9 des produits remis aux familles accompagn\u00e9es par les associations d\u2019aide alimentaire.<\/p>\n\n\n\n<p>Gr\u00e2ce \u00e0 cette organisation efficace, les dons parviennent rapidement \u00e0 ceux qui en ont le plus besoin, tout en valorisant le travail des agriculteurs donateurs.<\/p>\n","protected":false},"excerpt":{"rendered":"<p>En janvier 2025, la solidarit\u00e9 a pris racine en Hauts-de-France gr\u00e2ce \u00e0 une initiative lanc\u00e9e par l\u2019Association des Producteurs d\u2019Endives de France (APEF), en partenariat avec SOLAAL Hauts-de-France et le Secours Populaire Fran\u00e7ais d\u2019Arras. Des producteurs d\u2019endives engag\u00e9s Les producteurs d\u2019endives ont fait preuve de solidarit\u00e9 en offrant plusieurs centaines de kilos d\u2019endives fra\u00eeches au [&hellip;]<\/p>\n","protected":false},"author":11,"featured_media":4101,"comment_status":"closed","ping_status":"closed","sticky":false,"template":"","format":"standard","meta":{"_acf_changed":false,"inline_featured_image":false,"footnotes":""},"categories":[22,9],"tags":[],"class_list":["post-4088","post","type-post","status-publish","format-standard","has-post-thumbnail","hentry","category-actions-solidaires","category-dons"],"acf":[],"_links":{"self":[{"href":"https:\/\/www.solaal.org\/hauts-de-france\/wp-json\/wp\/v2\/posts\/4088","targetHints":{"allow":["GET"]}}],"collection":[{"href":"https:\/\/www.solaal.org\/hauts-de-france\/wp-json\/wp\/v2\/posts"}],"about":[{"href":"https:\/\/www.solaal.org\/hauts-de-france\/wp-json\/wp\/v2\/types\/post"}],"author":[{"embeddable":true,"href":"https:\/\/www.solaal.org\/hauts-de-france\/wp-json\/wp\/v2\/users\/11"}],"replies":[{"embeddable":true,"href":"https:\/\/www.solaal.org\/hauts-de-france\/wp-json\/wp\/v2\/comments?post=4088"}],"version-history":[{"count":15,"href":"https:\/\/www.solaal.org\/hauts-de-france\/wp-json\/wp\/v2\/posts\/4088\/revisions"}],"predecessor-version":[{"id":4116,"href":"https:\/\/www.solaal.org\/hauts-de-france\/wp-json\/wp\/v2\/posts\/4088\/revisions\/4116"}],"wp:featuredmedia":[{"embeddable":true,"href":"https:\/\/www.solaal.org\/hauts-de-france\/wp-json\/wp\/v2\/media\/4101"}],"wp:attachment":[{"href":"https:\/\/www.solaal.org\/hauts-de-france\/wp-json\/wp\/v2\/media?parent=4088"}],"wp:term":[{"taxonomy":"category","embeddable":true,"href":"https:\/\/www.solaal.org\/hauts-de-france\/wp-json\/wp\/v2\/categories?post=4088"},{"taxonomy":"post_tag","embeddable":true,"href":"https:\/\/www.solaal.org\/hauts-de-france\/wp-json\/wp\/v2\/tags?post=4088"}],"curies":[{"name":"wp","href":"https:\/\/api.w.org\/{rel}","templated":true}]}}