{"id":3662,"date":"2024-09-26T15:33:53","date_gmt":"2024-09-26T13:33:53","guid":{"rendered":"https:\/\/www.solaal.org\/hauts-de-france\/?p=3662"},"modified":"2024-10-15T14:46:58","modified_gmt":"2024-10-15T12:46:58","slug":"un-gala-caritatif-pour-les-5-ans-de-solaal-hauts-de-france","status":"publish","type":"post","link":"https:\/\/www.solaal.org\/hauts-de-france\/2024\/09\/26\/un-gala-caritatif-pour-les-5-ans-de-solaal-hauts-de-france\/","title":{"rendered":"Un Gala caritatif pour les 5 ans de SOLAAL\u00a0Hauts-de-France"},"content":{"rendered":"\n<p>R\u00e9servez votre soir\u00e9e du vendredi 25 octobre pour c\u00e9l\u00e9brer la solidarit\u00e9 agricole&nbsp;!<\/p>\n\n\n\n<p>SOLAAL&nbsp;Hauts-de-France vous accueillera sur le site minier de Wallers-Arenberg (\u00e0 proximit\u00e9 de Valenciennes), d\u00e8s 19 heures, en pr\u00e9sence de Monsieur Bertrand Gaume, pr\u00e9fet des&nbsp;Hauts-de-France, et de ses partenaires.<\/p>\n\n\n\n<p>L&rsquo;objectif de ce Gala caritatif est de rendre hommage aux actions de l&rsquo;association SOLAAL Hauts-de-France en rassemblant ses partenaires, \u00e9lus et collaborateurs. Pendant la soir\u00e9e, la g\u00e9n\u00e9rosit\u00e9 des donateurs sera mise en lumi\u00e8re ainsi que la mobilisation des associations d&rsquo;aide alimentaire partenaires.<\/p>\n\n\n\n<p>En 5 ans, 9&nbsp;000 tonnes de produits alimentaires ont \u00e9t\u00e9 donn\u00e9es par 328&nbsp;acteurs des milieux agricole et agroalimentaire, soit l\u2019\u00e9quivalent de 18&nbsp;millions de repas.<\/p>\n\n\n\n<p>Par ailleurs, ce gala permettra de r\u00e9colter des fonds pour acheter des produits frais, comme du lait, destin\u00e9s aux associations d\u2019aide alimentaire partenaires.<\/p>\n\n\n\n<p>Vous pourrez profiter d\u2019un repas compos\u00e9 de produits d\u2019origine 100%&nbsp;Hauts-de-France et cuisin\u00e9 avec le soutien des disciples Escoffier, des Chefs en Nord et des restaurateurs locaux. <\/p>\n\n\n\n<p>Vous pourrez \u00e9galement participer \u00e0 la tombola pour gagner des lots, tels qu\u2019une nuit avec petit-d\u00e9jeuner et repas compris au Casino de Saint-Amand-les-Eaux.<\/p>\n\n\n\n<p>Inscrivez-vous sur Hello asso&nbsp;:&nbsp;<a href=\"https:\/\/bit.ly\/3xv2Y9p\" target=\"_blank\" rel=\"noreferrer noopener\">https:\/\/bit.ly\/3xv2Y9p<\/a> !<\/p>\n\n\n\n<p>Retrouvez le programme de la soir\u00e9e <a href=\"https:\/\/acrobat.adobe.com\/id\/urn:aaid:sc:EU:ae36427a-a650-41b0-9de5-686cefb60151\" target=\"_blank\" rel=\"noreferrer noopener\">ici<\/a> \ud83e\udd29<\/p>\n\n\n\n<figure class=\"wp-block-gallery has-nested-images columns-default is-cropped wp-block-gallery-1 is-layout-flex wp-block-gallery-is-layout-flex\">\n<figure class=\"wp-block-image size-large\"><a href=\"https:\/\/bit.ly\/3xv2Y9p  \" target=\"_blank\" rel=\"noreferrer noopener\"><img decoding=\"async\" width=\"1024\" height=\"576\" data-id=\"3681\" src=\"https:\/\/www.solaal.org\/hauts-de-france\/wp-content\/uploads\/sites\/18\/2024\/09\/24_-image-invitation-Gala-SOLAAL-HDF-1024x576.png\" alt=\"\" class=\"wp-image-3681\" srcset=\"https:\/\/www.solaal.org\/hauts-de-france\/wp-content\/uploads\/sites\/18\/2024\/09\/24_-image-invitation-Gala-SOLAAL-HDF-1024x576.png 1024w, https:\/\/www.solaal.org\/hauts-de-france\/wp-content\/uploads\/sites\/18\/2024\/09\/24_-image-invitation-Gala-SOLAAL-HDF-300x169.png 300w, https:\/\/www.solaal.org\/hauts-de-france\/wp-content\/uploads\/sites\/18\/2024\/09\/24_-image-invitation-Gala-SOLAAL-HDF-768x432.png 768w, https:\/\/www.solaal.org\/hauts-de-france\/wp-content\/uploads\/sites\/18\/2024\/09\/24_-image-invitation-Gala-SOLAAL-HDF-1536x864.png 1536w, https:\/\/www.solaal.org\/hauts-de-france\/wp-content\/uploads\/sites\/18\/2024\/09\/24_-image-invitation-Gala-SOLAAL-HDF.png 1600w\" sizes=\"(max-width: 1024px) 100vw, 1024px\" \/><\/a><\/figure>\n<\/figure>\n\n\n\n<p><\/p>\n","protected":false},"excerpt":{"rendered":"<p>R\u00e9servez votre soir\u00e9e du vendredi 25 octobre pour c\u00e9l\u00e9brer la solidarit\u00e9 agricole&nbsp;! SOLAAL&nbsp;Hauts-de-France vous accueillera sur le site minier de Wallers-Arenberg (\u00e0 proximit\u00e9 de Valenciennes), d\u00e8s 19 heures, en pr\u00e9sence de Monsieur Bertrand Gaume, pr\u00e9fet des&nbsp;Hauts-de-France, et de ses partenaires. L&rsquo;objectif de ce Gala caritatif est de rendre hommage aux actions de l&rsquo;association SOLAAL Hauts-de-France [&hellip;]<\/p>\n","protected":false},"author":11,"featured_media":3666,"comment_status":"closed","ping_status":"closed","sticky":false,"template":"","format":"standard","meta":{"_acf_changed":false,"inline_featured_image":false,"footnotes":""},"categories":[22,24],"tags":[],"class_list":["post-3662","post","type-post","status-publish","format-standard","has-post-thumbnail","hentry","category-actions-solidaires","category-evenement"],"acf":[],"_links":{"self":[{"href":"https:\/\/www.solaal.org\/hauts-de-france\/wp-json\/wp\/v2\/posts\/3662","targetHints":{"allow":["GET"]}}],"collection":[{"href":"https:\/\/www.solaal.org\/hauts-de-france\/wp-json\/wp\/v2\/posts"}],"about":[{"href":"https:\/\/www.solaal.org\/hauts-de-france\/wp-json\/wp\/v2\/types\/post"}],"author":[{"embeddable":true,"href":"https:\/\/www.solaal.org\/hauts-de-france\/wp-json\/wp\/v2\/users\/11"}],"replies":[{"embeddable":true,"href":"https:\/\/www.solaal.org\/hauts-de-france\/wp-json\/wp\/v2\/comments?post=3662"}],"version-history":[{"count":9,"href":"https:\/\/www.solaal.org\/hauts-de-france\/wp-json\/wp\/v2\/posts\/3662\/revisions"}],"predecessor-version":[{"id":3692,"href":"https:\/\/www.solaal.org\/hauts-de-france\/wp-json\/wp\/v2\/posts\/3662\/revisions\/3692"}],"wp:featuredmedia":[{"embeddable":true,"href":"https:\/\/www.solaal.org\/hauts-de-france\/wp-json\/wp\/v2\/media\/3666"}],"wp:attachment":[{"href":"https:\/\/www.solaal.org\/hauts-de-france\/wp-json\/wp\/v2\/media?parent=3662"}],"wp:term":[{"taxonomy":"category","embeddable":true,"href":"https:\/\/www.solaal.org\/hauts-de-france\/wp-json\/wp\/v2\/categories?post=3662"},{"taxonomy":"post_tag","embeddable":true,"href":"https:\/\/www.solaal.org\/hauts-de-france\/wp-json\/wp\/v2\/tags?post=3662"}],"curies":[{"name":"wp","href":"https:\/\/api.w.org\/{rel}","templated":true}]}}