{"id":1174,"date":"2025-06-27T08:19:06","date_gmt":"2025-06-27T06:19:06","guid":{"rendered":"https:\/\/www.solaal.org\/?p=15339"},"modified":"2025-07-03T08:57:40","modified_gmt":"2025-07-03T06:57:40","slug":"mobilisation-de-la-filiere-porcine-contre-la-precarite-alimentaire","status":"publish","type":"post","link":"https:\/\/www.solaal.org\/bretagne\/2025\/06\/27\/mobilisation-de-la-filiere-porcine-contre-la-precarite-alimentaire\/","title":{"rendered":"Mobilisation de la fili\u00e8re porcine contre la pr\u00e9carit\u00e9 alimentaire"},"content":{"rendered":"\n<div class=\"wp-block-columns is-layout-flex wp-container-core-columns-is-layout-9d6595d7 wp-block-columns-is-layout-flex\">\n<div class=\"wp-block-column is-vertically-aligned-center is-layout-flow wp-block-column-is-layout-flow\">\n<div class=\"wp-block-columns is-layout-flex wp-container-core-columns-is-layout-9d6595d7 wp-block-columns-is-layout-flex\">\n<div class=\"wp-block-column is-layout-flow wp-block-column-is-layout-flow\"><div class=\"wp-block-image\">\n<figure class=\"aligncenter size-large is-resized\"><img decoding=\"async\" src=\"https:\/\/www.solaal.org\/wp-content\/uploads\/2025\/06\/Design-sans-titre-9-1024x726.png\" alt=\"\" class=\"wp-image-15386\" style=\"width:396px;height:auto\"\/><\/figure>\n<\/div><\/div>\n\n\n\n<div class=\"wp-block-column is-vertically-aligned-center is-layout-flow wp-block-column-is-layout-flow\">\n<p>Le groupe <a href=\"https:\/\/www.agrial.com\/\" target=\"_blank\" rel=\"noreferrer noopener\">AGRIAL<\/a>, adh\u00e9rent \u00e0 l&rsquo;Interprofession de la fili\u00e8re porcine <a href=\"https:\/\/fr.wikipedia.org\/wiki\/Inaporc\">INAPORC <\/a>a r\u00e9pondu pr\u00e9sent pour fournir des produits r\u00e9pondant aux besoins des associations.Tous les produits sont labellis\u00e9s \u00ab Le Porc Fran\u00e7ais \u00bb.<\/p>\n<\/div>\n<\/div>\n<\/div>\n<\/div>\n\n\n\n<p>Engag\u00e9 dans cette d\u00e9marche solidaire, le groupe <a href=\"https:\/\/www.agrial.com\/\" target=\"_blank\" rel=\"noreferrer noopener\">AGRIAL<\/a> a accept\u00e9 de vendre ses produits \u00e0 un prix solidaire et d&rsquo;y adjoindre des dons en nature. Deux associations d&rsquo;aide alimentaire ont re\u00e7u chacune une palette de 358 kg de jambon cuit en barquette et 173 kg de dons :<\/p>\n\n\n\n<ul class=\"wp-block-list\">\n<li>les Banques Alimentaires de Rennes<\/li>\n\n\n\n<li>Les Restos du C\u0153ur d&rsquo;Ille-et-Vilaine<\/li>\n<\/ul>\n\n\n\n<div class=\"wp-block-columns is-layout-flex wp-container-core-columns-is-layout-9d6595d7 wp-block-columns-is-layout-flex\">\n<div class=\"wp-block-column is-vertically-aligned-center is-layout-flow wp-block-column-is-layout-flow\">\n<p>Cette op\u00e9ration illustre la volont\u00e9 des acteurs de la fili\u00e8re porcine de maintenir des actions concr\u00e8tes en faveur des plus d\u00e9munis, dans la continuit\u00e9 des missions port\u00e9es par ANVISOL.<\/p>\n<\/div>\n\n\n\n<div class=\"wp-block-column is-layout-flow wp-block-column-is-layout-flow\"><div class=\"wp-block-image\">\n<figure class=\"aligncenter size-large\"><img decoding=\"async\" src=\"https:\/\/www.solaal.org\/wp-content\/uploads\/2025\/06\/ba-768x1024.jpg\" alt=\"\" class=\"wp-image-15421\"\/><figcaption class=\"wp-element-caption\">Patrick Desneuf et Bernard Hamonet des Banques Alimentaire de Rennes<\/figcaption><\/figure>\n<\/div><\/div>\n\n\n\n<div class=\"wp-block-column is-layout-flow wp-block-column-is-layout-flow\"><div class=\"wp-block-image\">\n<figure class=\"aligncenter size-large\"><img decoding=\"async\" src=\"https:\/\/www.solaal.org\/wp-content\/uploads\/2025\/06\/IMG_9789-1-768x1024.jpg\" alt=\"\" class=\"wp-image-15422\"\/><figcaption class=\"wp-element-caption\">Claude Sauze et Pierrick Armand des Restos du C\u0153ur d&rsquo;Ille-et-Vilaine<\/figcaption><\/figure>\n<\/div><\/div>\n<\/div>\n\n\n\n<p>La remise a eu lieu le mercredi 25 juin 2025 \u00e0 l&rsquo;usine Brient  de Mordelles (35) en pr\u00e9sence de :<\/p>\n\n\n\n<ul class=\"wp-block-list\">\n<li>Eric Guellaff, Pr\u00e9sident du Conseil de Surveillance de la branche Viandes et membre du Bureau d&rsquo;<a href=\"https:\/\/www.agrial.com\/\" target=\"_blank\" rel=\"noreferrer noopener\">AGRIAL<\/a><\/li>\n\n\n\n<li>St\u00e9phane Poyac, directeur de la branche viande d&rsquo; <a href=\"https:\/\/www.agrial.com\/\" target=\"_blank\" rel=\"noreferrer noopener\">AGRIAL<\/a>, Administrateur et membre du Conseil d&rsquo;Administration d&rsquo; <a href=\"https:\/\/fr.wikipedia.org\/wiki\/Inaporc\" target=\"_blank\" rel=\"noreferrer noopener\">INAPORC<\/a><\/li>\n\n\n\n<li>Fran\u00e7ois Valy, \u00e9leveur porcin, Vice-pr\u00e9sident tr\u00e9sorier et d&rsquo; <a href=\"https:\/\/fr.wikipedia.org\/wiki\/Inaporc\" target=\"_blank\" rel=\"noreferrer noopener\">INAPORC<\/a><\/li>\n\n\n\n<li>Michel Inisan, Pr\u00e9sident de SOLAAL Bretagne<\/li>\n\n\n\n<li>Claude Robert, R\u00e9partiteur r\u00e9gional de la Banque Alimentaire de Rennes<\/li>\n\n\n\n<li>Claude Sauze, Pr\u00e9sident des Restos du C\u0153ur d&rsquo;Ille-et-Vilaine<\/li>\n<\/ul>\n\n\n<div class=\"wp-block-image\">\n<figure class=\"aligncenter size-large is-resized\"><img decoding=\"async\" src=\"https:\/\/www.solaal.org\/wp-content\/uploads\/2025\/06\/IMG_9754-1-1024x768.jpg\" alt=\"\" class=\"wp-image-15423\" style=\"width:524px;height:auto\"\/><\/figure>\n<\/div>\n\n\n<p>Selon Fran\u00e7ois Valy : \u00ab&nbsp;<em>Je suis tr\u00e8s heureux que la fili\u00e8re porcine participe \u00e0 cette action. En tant qu\u2019\u00e9leveur, je suis fier de participer \u00e0 ces dons qui marquent la solidarit\u00e9 avec les plus d\u00e9munis&nbsp;<\/em>\u00bb.<\/p>\n\n\n\n<p>Pour Ang\u00e9lique Delahaye, Pr\u00e9sidente de SOLAAL&nbsp;: \u00ab&nbsp;<em>Nous sommes fiers d\u2019avoir pu coordonner cette belle op\u00e9ration et de pouvoir ainsi repr\u00e9senter la solidarit\u00e9 de la fili\u00e8re porcine de Bretagne en faveur des associations d\u2019aide alimentaire locales&nbsp;<\/em>\u00bb.<\/p>\n\n\n\n<p><\/p>\n\n\n","protected":false},"excerpt":{"rendered":"<p>Le groupe AGRIAL, adh\u00e9rent \u00e0 l&rsquo;Interprofession de la fili\u00e8re porcine INAPORC a r\u00e9pondu pr\u00e9sent pour fournir des produits r\u00e9pondant aux besoins des associations.Tous les produits sont labellis\u00e9s \u00ab Le Porc Fran\u00e7ais \u00bb. Engag\u00e9 dans cette d\u00e9marche solidaire, le groupe AGRIAL a accept\u00e9 de vendre ses produits \u00e0 un prix solidaire et d&rsquo;y adjoindre des dons [&hellip;]<\/p>\n","protected":false},"author":2,"featured_media":1175,"comment_status":"open","ping_status":"open","sticky":false,"template":"","format":"standard","meta":{"_acf_changed":false,"inline_featured_image":false,"footnotes":""},"categories":[14],"tags":[],"class_list":["post-1174","post","type-post","status-publish","format-standard","has-post-thumbnail","hentry","category-evenement"],"acf":[],"_links":{"self":[{"href":"https:\/\/www.solaal.org\/bretagne\/wp-json\/wp\/v2\/posts\/1174","targetHints":{"allow":["GET"]}}],"collection":[{"href":"https:\/\/www.solaal.org\/bretagne\/wp-json\/wp\/v2\/posts"}],"about":[{"href":"https:\/\/www.solaal.org\/bretagne\/wp-json\/wp\/v2\/types\/post"}],"author":[{"embeddable":true,"href":"https:\/\/www.solaal.org\/bretagne\/wp-json\/wp\/v2\/users\/2"}],"replies":[{"embeddable":true,"href":"https:\/\/www.solaal.org\/bretagne\/wp-json\/wp\/v2\/comments?post=1174"}],"version-history":[{"count":0,"href":"https:\/\/www.solaal.org\/bretagne\/wp-json\/wp\/v2\/posts\/1174\/revisions"}],"wp:featuredmedia":[{"embeddable":true,"href":"https:\/\/www.solaal.org\/bretagne\/wp-json\/wp\/v2\/media\/1175"}],"wp:attachment":[{"href":"https:\/\/www.solaal.org\/bretagne\/wp-json\/wp\/v2\/media?parent=1174"}],"wp:term":[{"taxonomy":"category","embeddable":true,"href":"https:\/\/www.solaal.org\/bretagne\/wp-json\/wp\/v2\/categories?post=1174"},{"taxonomy":"post_tag","embeddable":true,"href":"https:\/\/www.solaal.org\/bretagne\/wp-json\/wp\/v2\/tags?post=1174"}],"curies":[{"name":"wp","href":"https:\/\/api.w.org\/{rel}","templated":true}]}}